{"id":6479,"date":"2020-11-04T18:26:59","date_gmt":"2020-11-04T15:26:59","guid":{"rendered":"http:\/\/mersinekonomipolitikagazetesi.com\/?p=6479"},"modified":"2020-11-04T18:26:59","modified_gmt":"2020-11-04T15:26:59","slug":"akdenizde-pazar-yerlerine-el-dezenfekte-noktalari-kuruldu","status":"publish","type":"post","link":"https:\/\/mersinekonomipolitikagazetesi.com\/?p=6479","title":{"rendered":"AKDEN\u0130Z\u2019DE PAZAR YERLER\u0130NE EL DEZENFEKTE NOKTALARI KURULDU"},"content":{"rendered":"<p>Akdeniz Belediyesi, il\u00e7e s\u0131n\u0131rlar\u0131nda kurulan semt pazarlar\u0131n\u0131n giri\u015f ve \u00e7\u0131k\u0131\u015flar\u0131na, vatanda\u015flar\u0131n kullan\u0131m\u0131 i\u00e7in el dezenfektanlar\u0131 yerle\u015ftirdi.\u00a0<br \/>\nAkdeniz Belediyesi\u2019nin, Koronavir\u00fcs (Covid19) salg\u0131n\u0131 ile m\u00fccadelesi hemen her alanda ve t\u00fcm imk\u00e2nlar seferber edilerek aral\u0131ks\u0131z bir \u015fekilde devam ediyor.\u00a0<br \/>\nK\u00fclt\u00fcr ve Sosyal \u0130\u015fler M\u00fcd\u00fcrl\u00fc\u011f\u00fc taraf\u0131ndan haz\u0131rlanan ve \u00fczerinde; \u201cAl\u0131\u015fveri\u015ften \u00d6nce ve Sonra L\u00fctfen Ellerinizi Dezenfekte Ediniz\u201d ile \u201cSa\u011fl\u0131\u011f\u0131n\u0131z\u0131 \u00d6nemsiyoruz \u2013 Hayat Evde G\u00fczel\u201d yaz\u0131l\u0131 uyar\u0131c\u0131 tabelalar, zab\u0131ta ekiplerince il\u00e7e s\u0131n\u0131rlar\u0131nda kurulan semt pazarlar\u0131n\u0131n giri\u015f ve \u00e7\u0131k\u0131\u015flar\u0131na konuldu.\u00a0<br \/>\nKi\u015fisel hijyenin \u00f6nemine dikkat \u00e7eken bu tabelalar\u0131n \u00fczerine de yine al\u0131\u015fveri\u015fe gelen vatanda\u015flar\u0131n kullan\u0131m\u0131 i\u00e7in el dezenfektanlar\u0131 dolu 1 litrelik \u015fi\u015feler yerle\u015ftirildi.\u00a0<br \/>\nAkdeniz Zab\u0131ta M\u00fcd\u00fcrl\u00fc\u011f\u00fc ekipleri ayr\u0131ca, semt pazarlar\u0131na gelen vatanda\u015flara maske ve eldiven da\u011f\u0131t\u0131m\u0131na da devam ediyor.\u00a0<br \/>\nPazar al\u0131\u015fveri\u015fine gelen vatanda\u015flar, uygulamadan memnuniyetlerini dile getirerek, Akdeniz Belediye Ba\u015fkan\u0131 M. Mustafa G\u00fcltak\u2019a te\u015fekk\u00fcr ettiler.<\/p>\n<p>\u00a0<\/p>\n","protected":false},"excerpt":{"rendered":"<p>Akdeniz Belediyesi, il\u00e7e s\u0131n\u0131rlar\u0131nda kurulan semt pazarlar\u0131n\u0131n giri\u015f ve \u00e7\u0131k\u0131\u015flar\u0131na, vatanda\u015flar\u0131n kullan\u0131m\u0131 i\u00e7in el dezenfektanlar\u0131 yerle\u015ftirdi.\u00a0 Akdeniz Belediyesi\u2019nin, Koronavir\u00fcs (Covid19) salg\u0131n\u0131 ile m\u00fccadelesi hemen her alanda ve t\u00fcm imk\u00e2nlar seferber &hellip; <a href=\"https:\/\/mersinekonomipolitikagazetesi.com\/?p=6479\" class=\"more-link\">Devam\u0131n\u0131 Oku&#8230;<\/a><\/p>\n","protected":false},"author":1,"featured_media":0,"comment_status":"open","ping_status":"open","sticky":false,"template":"","format":"standard","meta":[],"categories":[],"tags":[],"_links":{"self":[{"href":"https:\/\/mersinekonomipolitikagazetesi.com\/index.php?rest_route=\/wp\/v2\/posts\/6479"}],"collection":[{"href":"https:\/\/mersinekonomipolitikagazetesi.com\/index.php?rest_route=\/wp\/v2\/posts"}],"about":[{"href":"https:\/\/mersinekonomipolitikagazetesi.com\/index.php?rest_route=\/wp\/v2\/types\/post"}],"author":[{"embeddable":true,"href":"https:\/\/mersinekonomipolitikagazetesi.com\/index.php?rest_route=\/wp\/v2\/users\/1"}],"replies":[{"embeddable":true,"href":"https:\/\/mersinekonomipolitikagazetesi.com\/index.php?rest_route=%2Fwp%2Fv2%2Fcomments&post=6479"}],"version-history":[{"count":0,"href":"https:\/\/mersinekonomipolitikagazetesi.com\/index.php?rest_route=\/wp\/v2\/posts\/6479\/revisions"}],"wp:attachment":[{"href":"https:\/\/mersinekonomipolitikagazetesi.com\/index.php?rest_route=%2Fwp%2Fv2%2Fmedia&parent=6479"}],"wp:term":[{"taxonomy":"category","embeddable":true,"href":"https:\/\/mersinekonomipolitikagazetesi.com\/index.php?rest_route=%2Fwp%2Fv2%2Fcategories&post=6479"},{"taxonomy":"post_tag","embeddable":true,"href":"https:\/\/mersinekonomipolitikagazetesi.com\/index.php?rest_route=%2Fwp%2Fv2%2Ftags&post=6479"}],"curies":[{"name":"wp","href":"https:\/\/api.w.org\/{rel}","templated":true}]}}