{"id":6480,"date":"2020-11-04T18:26:59","date_gmt":"2020-11-04T15:26:59","guid":{"rendered":"http:\/\/mersinekonomipolitikagazetesi.com\/?p=6480"},"modified":"2020-11-04T18:26:59","modified_gmt":"2020-11-04T15:26:59","slug":"yiyecek-destegi-verilen-sokak-kopekleri-saglik-kontrolunden-de-gecirildi","status":"publish","type":"post","link":"https:\/\/mersinekonomipolitikagazetesi.com\/?p=6480","title":{"rendered":"Yiyecek deste\u011fi verilen sokak k\u00f6pekleri sa\u011fl\u0131k kontrol\u00fcnden de ge\u00e7irildi"},"content":{"rendered":"<p><span style=\"line-height: 1.6em;\">\u00a0Mersin&#8217;in Erdemli il\u00e7esinde Do\u011fa Koruma ve Milli Parklar Erdemli \u015eefli\u011fi taraf\u0131ndan sokak hayvanlar\u0131 i\u00e7in mesire alanlar\u0131, parklar ve sahilde yemleme \u00e7al\u0131\u015fmas\u0131 ger\u00e7ekle\u015ftirildi. \u00c7al\u0131\u015fma s\u0131ras\u0131nda sokak k\u00f6pekleri genel sa\u011fl\u0131k kontrol\u00fcnden ge\u00e7irildi.\u00a0<\/span><\/p>\n<p>Y\u00fcr\u00fct\u00fclen \u00e7al\u0131\u015fmayla ilgili bilgi veren Do\u011fa Koruma ve Milli Parklar Erdemli \u015eefi Mevl\u00fct \u00c7etin, &#8220;Korona vir\u00fcs salg\u0131n\u0131 nedeniyle insanlar d\u0131\u015far\u0131ya \u00e7\u0131kam\u0131yor. Sokak k\u00f6pekleri ve sokak kedileri a\u00e7 kal\u0131yor. Bizde bu a\u00e7 kalan sokak hayvanlar\u0131m\u0131z\u0131 yemleme \u00e7al\u0131\u015fmas\u0131 yaparak bu s\u0131k\u0131nt\u0131lar\u0131n\u0131 gidermeye \u00e7al\u0131\u015f\u0131yoruz. Her y\u0131l d\u00fczenli olarak yap\u0131yorduk ama bu y\u0131l ekstra bir durum meydana geldi. Vir\u00fcs salg\u0131n\u0131 nedeniyle biraz daha \u00f6nem arz etti. Bug\u00fcn bizde 100 kilogram mama kullanarak yemleme \u00e7al\u0131\u015fmas\u0131 yap\u0131yoruz&#8221; dedi.\u00a0<br \/>\n\u00c7al\u0131\u015fmaya destek veren hayvan haklar\u0131 savunucusu Semih \u0130\u011fdig\u00fcl&#8217;de, hayvanlar i\u00e7in y\u00fcr\u00fct\u00fclen \u00e7al\u0131\u015fmalardan dolay\u0131 \u0130\u00e7i\u015fleri Bakanl\u0131\u011f\u0131, Tar\u0131m ve Orman Bakanl\u0131\u011f\u0131 ile Milli Parklar Genel M\u00fcd\u00fcrl\u00fc\u011f\u00fcne te\u015fekk\u00fcr etti.\u00a0<br \/>\n\u0130\u011fdig\u00fcl, &#8220;Yap\u0131lan \u00e7al\u0131\u015fmalardan dolay\u0131 hayvan haklar\u0131 savunucular\u0131 olarak biz \u00e7ok mutluyuz. Bunun her yerde yap\u0131lmas\u0131n\u0131 istiyoruz. Her \u015feyi devletten beklemeyelim. Vatanda\u015flar\u0131m\u0131za sesleniyorum, ne olur evinizden \u00e7\u0131kmay\u0131n, yemek art\u0131klar\u0131n\u0131 kap\u0131n\u0131n \u00f6n\u00fcne b\u0131rak\u0131n&#8221; diye konu\u015ftu.\u00a0<\/p>\n<p>Sokak k\u00f6pekleri sa\u011fl\u0131k a\u00e7\u0131s\u0131ndan da kontrol edildi\u00a0<br \/>\nDo\u011fa Koruma ve Milli Parklar \u015eefli\u011fi Veteriner Hekimi Dr. Ay\u015fe D\u00fcrgen ise &#8220;Bu zor g\u00fcnlerde sokak hayvanlar\u0131m\u0131z\u0131n beslenmesine katk\u0131da bulunmak istiyoruz. Hayvanseverlerimiz bu g\u00fcnlerde besleme ama\u00e7l\u0131 soka\u011fa \u00e7\u0131kam\u0131yorlar. Sahipsiz kalmamalar\u0131 i\u00e7in bizde hayvanlar\u0131n beslenmesine katk\u0131 sa\u011fl\u0131yoruz&#8221; dedi.\u00a0<br \/>\nBesleme esnas\u0131nda hayvanlar\u0131 sa\u011fl\u0131k a\u00e7\u0131s\u0131ndan kontrolde ettiklerini ifade eden D\u00fcrgen, &#8220;Hayvanlara yemleme yaparken sa\u011fl\u0131klar\u0131yla ilgili k\u0131sa birde kontrol yapt\u0131k. Gerekli yerlerle ileti\u015fime ge\u00e7ip hasta olanlar\u0131n tedavilerini yapt\u0131raca\u011f\u0131z&#8221; \u015feklinde konu\u015ftu.\u00a0<\/p>\n","protected":false},"excerpt":{"rendered":"<p>\u00a0Mersin&#8217;in Erdemli il\u00e7esinde Do\u011fa Koruma ve Milli Parklar Erdemli \u015eefli\u011fi taraf\u0131ndan sokak hayvanlar\u0131 i\u00e7in mesire alanlar\u0131, parklar ve sahilde yemleme \u00e7al\u0131\u015fmas\u0131 ger\u00e7ekle\u015ftirildi. \u00c7al\u0131\u015fma s\u0131ras\u0131nda sokak k\u00f6pekleri genel sa\u011fl\u0131k kontrol\u00fcnden ge\u00e7irildi.\u00a0 &hellip; <a href=\"https:\/\/mersinekonomipolitikagazetesi.com\/?p=6480\" class=\"more-link\">Devam\u0131n\u0131 Oku&#8230;<\/a><\/p>\n","protected":false},"author":1,"featured_media":0,"comment_status":"open","ping_status":"open","sticky":false,"template":"","format":"standard","meta":[],"categories":[],"tags":[],"_links":{"self":[{"href":"https:\/\/mersinekonomipolitikagazetesi.com\/index.php?rest_route=\/wp\/v2\/posts\/6480"}],"collection":[{"href":"https:\/\/mersinekonomipolitikagazetesi.com\/index.php?rest_route=\/wp\/v2\/posts"}],"about":[{"href":"https:\/\/mersinekonomipolitikagazetesi.com\/index.php?rest_route=\/wp\/v2\/types\/post"}],"author":[{"embeddable":true,"href":"https:\/\/mersinekonomipolitikagazetesi.com\/index.php?rest_route=\/wp\/v2\/users\/1"}],"replies":[{"embeddable":true,"href":"https:\/\/mersinekonomipolitikagazetesi.com\/index.php?rest_route=%2Fwp%2Fv2%2Fcomments&post=6480"}],"version-history":[{"count":0,"href":"https:\/\/mersinekonomipolitikagazetesi.com\/index.php?rest_route=\/wp\/v2\/posts\/6480\/revisions"}],"wp:attachment":[{"href":"https:\/\/mersinekonomipolitikagazetesi.com\/index.php?rest_route=%2Fwp%2Fv2%2Fmedia&parent=6480"}],"wp:term":[{"taxonomy":"category","embeddable":true,"href":"https:\/\/mersinekonomipolitikagazetesi.com\/index.php?rest_route=%2Fwp%2Fv2%2Fcategories&post=6480"},{"taxonomy":"post_tag","embeddable":true,"href":"https:\/\/mersinekonomipolitikagazetesi.com\/index.php?rest_route=%2Fwp%2Fv2%2Ftags&post=6480"}],"curies":[{"name":"wp","href":"https:\/\/api.w.org\/{rel}","templated":true}]}}