{"id":6490,"date":"2020-11-04T18:27:00","date_gmt":"2020-11-04T15:27:00","guid":{"rendered":"http:\/\/mersinekonomipolitikagazetesi.com\/?p=6490"},"modified":"2020-11-04T18:27:00","modified_gmt":"2020-11-04T15:27:00","slug":"baskan-yilmazin-mektuplari-gece-nobetindeki-polislere-de-ulasti","status":"publish","type":"post","link":"https:\/\/mersinekonomipolitikagazetesi.com\/?p=6490","title":{"rendered":"Ba\u015fkan Y\u0131lmaz&#8217;\u0131n mektuplar\u0131, gece n\u00f6betindeki polislere de ula\u015ft\u0131"},"content":{"rendered":"<p><span style=\"line-height: 1.6em;\">\u00a0Toroslar Belediye Ba\u015fkan\u0131 Ats\u0131z Af\u015f\u0131n Y\u0131lmaz taraf\u0131ndan T\u00fcrk Polis Te\u015fkilat\u0131&#8217;n\u0131n 175. kurulu\u015f y\u0131l d\u00f6n\u00fcm\u00fc kutlamas\u0131 i\u00e7in Mersin&#8217;de g\u00f6rev yapan t\u00fcm emniyet mensuplar\u0131n\u0131n \u015fahs\u0131na \u00f6zel olarak yaz\u0131lan mektuplar, gece n\u00f6betindeki polislere de ula\u015ft\u0131r\u0131ld\u0131.\u00a0<\/span><\/p>\n<p>Ba\u015fkan Y\u0131lmaz&#8217;\u0131n kaleme ald\u0131\u011f\u0131 mektuplar, belediye zab\u0131ta ekiplerince polis memurlar\u0131na takdim edilirken, polis memurlar\u0131 da n\u00f6bet s\u0131ras\u0131nda kendilerini unutmayarak yap\u0131lan bu anlaml\u0131 ziyaret ve mektuptan dolay\u0131 Y\u0131lmaz&#8217;a te\u015fekk\u00fcr etti.\u00a0<br \/>\n&#8220;Kentimizin huzuru i\u00e7in el birli\u011fiyle \u00e7al\u0131\u015f\u0131yoruz&#8221;\u00a0<br \/>\n&#8220;Gece g\u00fcnd\u00fcz demeden \u015fehrimizde ve \u00fclkemizde asayi\u015fi sa\u011flayan fedakar polisimize te\u015fekk\u00fcr ediyor, Polis Haftalar\u0131n\u0131 kutluyorum&#8221; diyen Toroslar Belediye Ba\u015fkan\u0131 Ats\u0131z Af\u015f\u0131n Y\u0131lmaz, &#8220;Kovid-19 salg\u0131n\u0131 nedeniyle \u00fclke olarak zorlu bir s\u00fcre\u00e7ten ge\u00e7iyoruz. \u00d6zellikle salg\u0131n\u0131n t\u00fcm d\u00fcnyada ve \u00fclkemizde etkili oldu\u011fu bug\u00fcnlerde fedakarca g\u00f6rev yapan polislerimizin gayreti takdire \u015fayand\u0131r. Kentimizin g\u00fcven ve huzur ortam\u0131 i\u00e7inde olmas\u0131 amac\u0131yla birlikte omuz omuza \u00e7al\u0131\u015ft\u0131\u011f\u0131m\u0131z de\u011ferli polislerimizin Polis Haftas\u0131n\u0131 kutlamak \u00fczere bir te\u015fekk\u00fcr mektubu haz\u0131rlayarak, kendilerine ula\u015ft\u0131rd\u0131k. \u00dclkemizin birli\u011fi ve dirli\u011fi i\u00e7in g\u00f6sterdikleri eme\u011fe ve hizmete minnettar\u0131z. Polis Te\u015fkilat\u0131m\u0131z\u0131n t\u00fcm mensuplar\u0131na yeniden \u015f\u00fckranlar\u0131m\u0131 sunuyor, g\u00f6revlerinde ba\u015far\u0131lar\u0131n\u0131n devam\u0131n\u0131 diliyorum&#8221; \u015feklinde konu\u015ftu.\u00a0<\/p>\n","protected":false},"excerpt":{"rendered":"<p>\u00a0Toroslar Belediye Ba\u015fkan\u0131 Ats\u0131z Af\u015f\u0131n Y\u0131lmaz taraf\u0131ndan T\u00fcrk Polis Te\u015fkilat\u0131&#8217;n\u0131n 175. kurulu\u015f y\u0131l d\u00f6n\u00fcm\u00fc kutlamas\u0131 i\u00e7in Mersin&#8217;de g\u00f6rev yapan t\u00fcm emniyet mensuplar\u0131n\u0131n \u015fahs\u0131na \u00f6zel olarak yaz\u0131lan mektuplar, gece n\u00f6betindeki polislere &hellip; <a href=\"https:\/\/mersinekonomipolitikagazetesi.com\/?p=6490\" class=\"more-link\">Devam\u0131n\u0131 Oku&#8230;<\/a><\/p>\n","protected":false},"author":1,"featured_media":0,"comment_status":"open","ping_status":"open","sticky":false,"template":"","format":"standard","meta":[],"categories":[],"tags":[],"_links":{"self":[{"href":"https:\/\/mersinekonomipolitikagazetesi.com\/index.php?rest_route=\/wp\/v2\/posts\/6490"}],"collection":[{"href":"https:\/\/mersinekonomipolitikagazetesi.com\/index.php?rest_route=\/wp\/v2\/posts"}],"about":[{"href":"https:\/\/mersinekonomipolitikagazetesi.com\/index.php?rest_route=\/wp\/v2\/types\/post"}],"author":[{"embeddable":true,"href":"https:\/\/mersinekonomipolitikagazetesi.com\/index.php?rest_route=\/wp\/v2\/users\/1"}],"replies":[{"embeddable":true,"href":"https:\/\/mersinekonomipolitikagazetesi.com\/index.php?rest_route=%2Fwp%2Fv2%2Fcomments&post=6490"}],"version-history":[{"count":0,"href":"https:\/\/mersinekonomipolitikagazetesi.com\/index.php?rest_route=\/wp\/v2\/posts\/6490\/revisions"}],"wp:attachment":[{"href":"https:\/\/mersinekonomipolitikagazetesi.com\/index.php?rest_route=%2Fwp%2Fv2%2Fmedia&parent=6490"}],"wp:term":[{"taxonomy":"category","embeddable":true,"href":"https:\/\/mersinekonomipolitikagazetesi.com\/index.php?rest_route=%2Fwp%2Fv2%2Fcategories&post=6490"},{"taxonomy":"post_tag","embeddable":true,"href":"https:\/\/mersinekonomipolitikagazetesi.com\/index.php?rest_route=%2Fwp%2Fv2%2Ftags&post=6490"}],"curies":[{"name":"wp","href":"https:\/\/api.w.org\/{rel}","templated":true}]}}