{"id":6494,"date":"2020-11-04T18:27:00","date_gmt":"2020-11-04T15:27:00","guid":{"rendered":"http:\/\/mersinekonomipolitikagazetesi.com\/?p=6494"},"modified":"2020-11-04T18:27:00","modified_gmt":"2020-11-04T15:27:00","slug":"akp-mersini-cezalandiriyor","status":"publish","type":"post","link":"https:\/\/mersinekonomipolitikagazetesi.com\/?p=6494","title":{"rendered":"AKP MERS\u0130N\u2019\u0130  CEZALANDIRIYOR..!"},"content":{"rendered":"<p>Turan: \u201cAkkuyu n\u00fckleer santralinin in\u015fa edilmesi,<br \/>\nbal\u0131k \u00e7iftliklerinin kurulmas\u0131, Kromsan fabrikas\u0131&#8230;\u201d<\/p>\n<p>Halklar\u0131n Demokratik Partisi (HDP) Mersin Milletvekili R\u0131dvan Turan yap\u0131lmas\u0131 planlanan polipropilen \u00fcretim tesisi hakk\u0131nda bas\u0131n a\u00e7\u0131klamas\u0131nda bulundu. Turan, \u201cMersin, yerel se\u00e7imlerde AKP\u2019nin kazanamad\u0131\u011f\u0131 ender kentlerden biri olarak AKP iktidar\u0131 taraf\u0131ndan adeta cezaland\u0131r\u0131lmaktad\u0131r.\u201d dedi.<\/p>\n<p>\u201cMersin\u2019in do\u011fas\u0131 sermayeye pe\u015fke\u015f \u00e7ekiliyor!\u201d<\/p>\n<p>\u0130ktidar\u0131n Mersin i\u00e7in y\u00fcr\u00fcrl\u00fc\u011fe koydu\u011fu uygulamalar\u0131n Mersin\u2019de ya\u015fayan yurtta\u015flar\u0131n lehine olmamakta oldu\u011funa dikkat \u00e7eken HDP Mersin Milletvekili R\u0131dvan Turan, \u201cMersinlilerin r\u0131zas\u0131 al\u0131nmadan Akkuyu n\u00fckleer santralinin in\u015fa edilmesi, bal\u0131k \u00e7iftliklerinin kurulmas\u0131, Kromsan fabrikas\u0131n\u0131n \u00e7al\u0131\u015fmas\u0131 gibi uygulamalar bu durumu \u00e7arp\u0131c\u0131 bir \u015fekilde g\u00f6stermektedir.\u201d diye konu\u015ftu.\u00a0<\/p>\n<p>Yap\u0131lan yat\u0131r\u0131m ve \u00e7al\u0131\u015fmalara y\u00f6nelik a\u00e7\u0131klamalarda bulunan ve 26\/11\/2018 tarihli \u00a0385 say\u0131l\u0131 Cumhurba\u015fkanl\u0131\u011f\u0131 karar\u0131na ba\u011fl\u0131 olarak Mersin\u2019de yap\u0131lacak olan polipropilen \u00fcretim tesisi yat\u0131r\u0131m\u0131na proje bazl\u0131 devlet yard\u0131m\u0131 verilmesine ili\u015fkin karar yay\u0131nland\u0131\u011f\u0131n\u0131 belirten Turan \u201cPeki D\u00fcnya ve T\u00fcrkiye\u2019nin korona vir\u00fcs salg\u0131n\u0131yla m\u00fccadele etti\u011fi bu g\u00fcnlerde AKP Mersin i\u00e7in ne yap\u0131yor? AKP koronavir\u00fcs salg\u0131n\u0131n\u0131 f\u0131rsat bilerek Mersin\u2019in do\u011fas\u0131n\u0131 sermayeye pe\u015fke\u015f \u00e7ekiyor! Mersin Karaduvar b\u00f6lgesinde \u00c7FS Petrokimya Sanayi A\u015e taraf\u0131ndan Tekfen polipropilen \u00fcretim tesis edilmesi planlanm\u0131\u015ft\u0131r. Korona ile m\u00fccadele edildi\u011fi bu zamanlarda insan sa\u011fl\u0131\u011f\u0131 a\u00e7\u0131s\u0131ndan \u00f6nlemler al\u0131nmas\u0131 konusunda kararname cimrisi olan Cumhurba\u015fkanl\u0131\u011f\u0131, 27 Mart 2020\u2019de insan sa\u011fl\u0131\u011f\u0131n\u0131n b\u00f6ylesine \u00f6nemli oldu\u011fu g\u00fcnlerde hi\u00e7 \u00e7ekinmeden Karaduvar\u2019da Toros g\u00fcbreye ait alan\u0131 polipropilen sahas\u0131 ve \u00f6zel end\u00fcstri b\u00f6lgesi ilan etmi\u015ftir.\u201d dedi.<\/p>\n<p>\u201cD\u00fcnya korona vir\u00fcs ile u\u011fra\u015f\u0131rken iktidar yanda\u015flar\u0131n\u0131 zengin etme pe\u015finde ko\u015fmaktad\u0131r\u201d<\/p>\n<p>Cumhurba\u015fkan\u0131\u2019n\u0131n 385 nolu karak ile polipropilen \u00fcretim tesisine bir\u00e7ok olanak sa\u011flad\u0131\u011f\u0131n\u0131 belirten Turan, \u201cB\u00fct\u00fcn d\u00fcnya korona vir\u00fcs ile u\u011fra\u015f\u0131rken iktidar yanda\u015flar\u0131n\u0131 zengin etme pe\u015finde ko\u015fmaktad\u0131r. Projeye KDV istisnas\u0131, G\u00fcmr\u00fck vergisi muafiyeti, KDV iadesi, kurumlar vergisi indirimi, sigorta primi i\u015fveren hissesi deste\u011fi, gelir vergisi stopaj\u0131 deste\u011fi 10 y\u0131l, nitelikli personel deste\u011fi azami 1 milyar 200 milyon TL, faiz deste\u011fi ve\/veya k\u00e2r pay\u0131 deste\u011fi 350 milyar TL\u2019yi a\u015fmamak \u00fczere kredi kullan\u0131m tarihinden itibaren azami 10 y\u0131l, enerji deste\u011fi i\u015fletmeye ge\u00e7i\u015f tarihinden itibaren 10 y\u0131la kadar 40 milyar TL\u2019yi a\u015fmamak \u00fczere enerji t\u00fcketim harcamalar\u0131n\u0131n y\u00fczde 50\u2019sigibi pek \u00e7ok olanak sa\u011flanm\u0131\u015ft\u0131r.\u201d diye konu\u015ftu.\u00a0<\/p>\n<p>\u201c\u0130nsan sa\u011fl\u0131\u011f\u0131 olumsuz etkilenecek\u201d<\/p>\n<p>HDP Mersin Milletvekili Turan ayr\u0131ca yap\u0131lacak tesis ile ilgili, \u201cPolipropilen \u00fcretmek i\u00e7in yurtd\u0131\u015f\u0131ndan 650 bin ton propan gaz\u0131 ithal edilerek 50 y\u0131l olarak belirtilen bir projeyle Mersin\u2019in ekosistemi ve insan sa\u011fl\u0131\u011f\u0131 olumsuz etkilenecektir. Y\u0131ll\u0131k 500 bin ton polipropilen \u00fcretimi i\u00e7in y\u0131ll\u0131k 9 bin metre k\u00fcp su ihtiyac\u0131 Deli\u00e7ay ve yeralt\u0131 suyundan kar\u015f\u0131lanacak ve kullan\u0131lan su Akdeniz\u2019e de\u015farj edilecektir. Caretta carettalar\u0131n yumurtlad\u0131\u011f\u0131 deniz ekosistemi de b\u00fcy\u00fck oranda bozulacakt\u0131r. \u00c7evrede ya\u015fayan insanlarda hormonal bozukluk, solunum problemi, dermatolojik hastal\u0131k, kur\u015fun zehirlenmesi gibi pek \u00e7ok sa\u011fl\u0131k problemi g\u00f6r\u00fclecek, kanser gibi \u00f6l\u00fcmle sonu\u00e7lanabilecek pek \u00e7ok hastal\u0131\u011f\u0131 tetikleyecektir.\u201d diye belirtti.<\/p>\n<p>\u201c\u0130nsanlar sa\u011fl\u0131\u011f\u0131n\u0131 kaybedecektir\u201d<\/p>\n<p>Mersin\u2019de ya\u015fayanlara polipropilen tesisinin hi\u00e7bir katk\u0131s\u0131 olmayaca\u011f\u0131na vurgu yapan Turan, \u201cCumhurba\u015fkan\u0131 Mersin\u2019de ya\u015fayan yurtta\u015flar\u0131n ya\u015fam alanlar\u0131n\u0131 olumsuz etkileyecek hayati bir karar alarak, sermaye sahiplerinin, yanda\u015flar\u0131n k\u00e2r elde etmesi i\u00e7in vergi, te\u015fvik gibi her t\u00fcrl\u00fc yard\u0131m\u0131 yapmaktad\u0131r. Kornavir\u00fcs\u2019\u00fcn t\u00fcm d\u00fcnyay\u0131 etkiledi\u011fi b\u00f6ylesine kritik bir d\u00f6nemde, cumhurba\u015fkanl\u0131\u011f\u0131 taraf\u0131ndan \u00e7\u0131kart\u0131lan bu kararla Mersin\u2019de ya\u015fayan yurtta\u015flar bu \u00fcretim tesisinin b\u00fct\u00fcn kirli sanayi at\u0131klar\u0131na maruz kalacakt\u0131r. \u0130nsanlar sa\u011fl\u0131\u011f\u0131n\u0131 kaybedecektir. Mersinli yurtta\u015flar ne polipropilen fabrikas\u0131 istiyor, ne Akkuyu n\u00fckleer santrali istiyor. Mersinli yurtta\u015flar kendi ya\u015fam alanlar\u0131n\u0131 b\u00f6ylesine pervas\u0131zca yanda\u015fa pe\u015fke\u015f \u00e7ekilmesini istemiyor. \u0130ktidara sesleniyorum sadece para kazanmaya al\u0131\u015fm\u0131\u015f ellerinizi Mersin\u2019in \u00fczerinden \u00e7ekin.\u201d diye konu\u015ftu.<br \/>\n\u00a0<\/p>\n","protected":false},"excerpt":{"rendered":"<p>Turan: \u201cAkkuyu n\u00fckleer santralinin in\u015fa edilmesi, bal\u0131k \u00e7iftliklerinin kurulmas\u0131, Kromsan fabrikas\u0131&#8230;\u201d Halklar\u0131n Demokratik Partisi (HDP) Mersin Milletvekili R\u0131dvan Turan yap\u0131lmas\u0131 planlanan polipropilen \u00fcretim tesisi hakk\u0131nda bas\u0131n a\u00e7\u0131klamas\u0131nda bulundu. Turan, \u201cMersin, &hellip; <a href=\"https:\/\/mersinekonomipolitikagazetesi.com\/?p=6494\" class=\"more-link\">Devam\u0131n\u0131 Oku&#8230;<\/a><\/p>\n","protected":false},"author":1,"featured_media":0,"comment_status":"open","ping_status":"open","sticky":false,"template":"","format":"standard","meta":[],"categories":[],"tags":[],"_links":{"self":[{"href":"https:\/\/mersinekonomipolitikagazetesi.com\/index.php?rest_route=\/wp\/v2\/posts\/6494"}],"collection":[{"href":"https:\/\/mersinekonomipolitikagazetesi.com\/index.php?rest_route=\/wp\/v2\/posts"}],"about":[{"href":"https:\/\/mersinekonomipolitikagazetesi.com\/index.php?rest_route=\/wp\/v2\/types\/post"}],"author":[{"embeddable":true,"href":"https:\/\/mersinekonomipolitikagazetesi.com\/index.php?rest_route=\/wp\/v2\/users\/1"}],"replies":[{"embeddable":true,"href":"https:\/\/mersinekonomipolitikagazetesi.com\/index.php?rest_route=%2Fwp%2Fv2%2Fcomments&post=6494"}],"version-history":[{"count":0,"href":"https:\/\/mersinekonomipolitikagazetesi.com\/index.php?rest_route=\/wp\/v2\/posts\/6494\/revisions"}],"wp:attachment":[{"href":"https:\/\/mersinekonomipolitikagazetesi.com\/index.php?rest_route=%2Fwp%2Fv2%2Fmedia&parent=6494"}],"wp:term":[{"taxonomy":"category","embeddable":true,"href":"https:\/\/mersinekonomipolitikagazetesi.com\/index.php?rest_route=%2Fwp%2Fv2%2Fcategories&post=6494"},{"taxonomy":"post_tag","embeddable":true,"href":"https:\/\/mersinekonomipolitikagazetesi.com\/index.php?rest_route=%2Fwp%2Fv2%2Ftags&post=6494"}],"curies":[{"name":"wp","href":"https:\/\/api.w.org\/{rel}","templated":true}]}}