{"id":6496,"date":"2020-11-04T18:27:00","date_gmt":"2020-11-04T15:27:00","guid":{"rendered":"http:\/\/mersinekonomipolitikagazetesi.com\/?p=6496"},"modified":"2020-11-04T18:27:00","modified_gmt":"2020-11-04T15:27:00","slug":"mersin-de-biz-variz-demeli","status":"publish","type":"post","link":"https:\/\/mersinekonomipolitikagazetesi.com\/?p=6496","title":{"rendered":"MERS\u0130N DE &#8220;B\u0130Z VARIZ&#8221; DEMEL\u0130..!"},"content":{"rendered":"<p>\u0130zmir B\u00fcy\u00fck\u015fehir Belediyesi korona vir\u00fcs salg\u0131n\u0131yla birlikte a\u011f\u0131rla\u015fan ekonomik ko\u015fullarda sokakta \u00e7al\u0131\u015fan geri d\u00f6n\u00fc\u015f\u00fcml\u00fc at\u0131k toplay\u0131c\u0131lar\u0131n\u0131 yaln\u0131z b\u0131rakmad\u0131. \u0130zmir B\u00fcy\u00fck\u015fehir Belediyesi\u2019ne ba\u011fl\u0131 At\u0131k Y\u00f6netimi Dairesi Ba\u015fkanl\u0131\u011f\u0131 ekipleri ikamet adresleri tespit edilen 364 geri d\u00f6n\u00fc\u015f\u00fcml\u00fc at\u0131k toplay\u0131c\u0131s\u0131na, \u201cBiz Var\u0131z\u201d kampanyas\u0131 kapsam\u0131nda g\u0131da paketi da\u011f\u0131tt\u0131. Ger\u00e7ekle\u015ftirilen kampanya sonras\u0131 ihtiya\u00e7 sahibi insanlar bu zor g\u00fcnlerde desteklerden memnun olduklar\u0131n\u0131 belirtti.<br \/>\nMersin&#8217;de ise at\u0131k toplay\u0131c\u0131lar korona vir\u00fcse ra\u011fmen \u00e7al\u0131\u015fmaya devam ediyor. Hem kendi sa\u011fl\u0131klar\u0131n\u0131, hem de vatanda\u015flar\u0131n sa\u011fl\u0131\u011f\u0131n\u0131 hi\u00e7e sayan bu tutuma kar\u015f\u0131 Mersin y\u00f6neticilerinin gerekli yard\u0131mlarla at\u0131k toplay\u0131c\u0131 vatanda\u015flar\u0131n evde kalmas\u0131n\u0131 sa\u011flamas\u0131 bekleniyor.\u00a0<\/p>\n<p>Yard\u0131mlar yeterli de\u011fil mi?<\/p>\n<p>Mersin&#8217;de at\u0131k toplay\u0131c\u0131lar\u0131na kar\u015f\u0131 yasak ve \u00e7al\u0131\u015fmalar y\u00fcr\u00fct\u00fclmeye devam ediyor. Fakat ya\u015fan\u0131lan koronavir\u00fcs salg\u0131n\u0131 nedeniyle soka\u011fa \u00e7\u0131k\u0131lmamas\u0131 karar\u0131 g\u00f6zetilirken at\u0131k toplay\u0131c\u0131lar\u0131n kentin d\u00f6rt bir yan\u0131n\u0131 gezerek \u00e7al\u0131\u015fmas\u0131na engel olunam\u0131yor. Aileleri i\u00e7in \u00e7al\u0131\u015fmak zorunda olduklar\u0131n\u0131 belirten at\u0131k toplay\u0131c\u0131lar\u0131na yard\u0131mlar\u0131n az olmas\u0131 temel sorun olarak g\u00f6ze \u00e7arp\u0131yor.\u00a0<\/p>\n<p>&#8220;Mersin&#8217;de de yard\u0131m yap\u0131lmal\u0131&#8221;<\/p>\n<p>At\u0131k toplay\u0131c\u0131l\u0131\u011f\u0131n\u0131n risk alt\u0131ndaki meslek gruplar\u0131 aras\u0131nda yer almas\u0131ndan dolay\u0131 Mersinliler ise tedirgin. Korona vir\u00fcsle m\u00fccadelede hijyenin \u00f6nemine vurgu yapan vatanda\u015flar, &#8220;Haftalard\u0131r evlerden \u00e7\u0131kmamaya \u00e7al\u0131\u015f\u0131yoruz. Arada mecburen \u00e7\u00f6p atmak i\u00e7in \u00e7\u0131kt\u0131\u011f\u0131m\u0131zda bir\u00e7ok at\u0131k toplay\u0131c\u0131s\u0131 ile kar\u015f\u0131 kar\u015f\u0131ya kal\u0131yoruz. Bizlerin evlerde durdu\u011fu zamanlarda mahalle mahalle gezen bu vatanda\u015flara y\u00f6neticiler destek vermeli. \u00c7al\u0131\u015fan vatanda\u015flara evde durmalar\u0131 i\u00e7in g\u0131da ve hijyen malzemesi yard\u0131m\u0131 yap\u0131lmal\u0131.&#8221; diye konu\u015ftular.\u00a0<\/p>\n","protected":false},"excerpt":{"rendered":"<p>\u0130zmir B\u00fcy\u00fck\u015fehir Belediyesi korona vir\u00fcs salg\u0131n\u0131yla birlikte a\u011f\u0131rla\u015fan ekonomik ko\u015fullarda sokakta \u00e7al\u0131\u015fan geri d\u00f6n\u00fc\u015f\u00fcml\u00fc at\u0131k toplay\u0131c\u0131lar\u0131n\u0131 yaln\u0131z b\u0131rakmad\u0131. \u0130zmir B\u00fcy\u00fck\u015fehir Belediyesi\u2019ne ba\u011fl\u0131 At\u0131k Y\u00f6netimi Dairesi Ba\u015fkanl\u0131\u011f\u0131 ekipleri ikamet adresleri tespit &hellip; <a href=\"https:\/\/mersinekonomipolitikagazetesi.com\/?p=6496\" class=\"more-link\">Devam\u0131n\u0131 Oku&#8230;<\/a><\/p>\n","protected":false},"author":1,"featured_media":0,"comment_status":"open","ping_status":"open","sticky":false,"template":"","format":"standard","meta":[],"categories":[],"tags":[],"_links":{"self":[{"href":"https:\/\/mersinekonomipolitikagazetesi.com\/index.php?rest_route=\/wp\/v2\/posts\/6496"}],"collection":[{"href":"https:\/\/mersinekonomipolitikagazetesi.com\/index.php?rest_route=\/wp\/v2\/posts"}],"about":[{"href":"https:\/\/mersinekonomipolitikagazetesi.com\/index.php?rest_route=\/wp\/v2\/types\/post"}],"author":[{"embeddable":true,"href":"https:\/\/mersinekonomipolitikagazetesi.com\/index.php?rest_route=\/wp\/v2\/users\/1"}],"replies":[{"embeddable":true,"href":"https:\/\/mersinekonomipolitikagazetesi.com\/index.php?rest_route=%2Fwp%2Fv2%2Fcomments&post=6496"}],"version-history":[{"count":0,"href":"https:\/\/mersinekonomipolitikagazetesi.com\/index.php?rest_route=\/wp\/v2\/posts\/6496\/revisions"}],"wp:attachment":[{"href":"https:\/\/mersinekonomipolitikagazetesi.com\/index.php?rest_route=%2Fwp%2Fv2%2Fmedia&parent=6496"}],"wp:term":[{"taxonomy":"category","embeddable":true,"href":"https:\/\/mersinekonomipolitikagazetesi.com\/index.php?rest_route=%2Fwp%2Fv2%2Fcategories&post=6496"},{"taxonomy":"post_tag","embeddable":true,"href":"https:\/\/mersinekonomipolitikagazetesi.com\/index.php?rest_route=%2Fwp%2Fv2%2Ftags&post=6496"}],"curies":[{"name":"wp","href":"https:\/\/api.w.org\/{rel}","templated":true}]}}