{"id":6499,"date":"2020-11-04T18:27:00","date_gmt":"2020-11-04T15:27:00","guid":{"rendered":"http:\/\/mersinekonomipolitikagazetesi.com\/?p=6499"},"modified":"2020-11-04T18:27:00","modified_gmt":"2020-11-04T15:27:00","slug":"gultak-vatandaslarimiz-panik-yapmasin-iki-gunde-20-bin-ekmek-dagitacagiz","status":"publish","type":"post","link":"https:\/\/mersinekonomipolitikagazetesi.com\/?p=6499","title":{"rendered":"G\u00fcltak: \u201cVatanda\u015flar\u0131m\u0131z panik yapmas\u0131n. \u0130ki g\u00fcnde 20 bin ekmek da\u011f\u0131taca\u011f\u0131z\u201d"},"content":{"rendered":"<p>Akdeniz Belediye Ba\u015fkan\u0131 Muhammet Mustafa G\u00fcltak, soka\u011fa \u00e7\u0131kma yasa\u011f\u0131 kapsam\u0131nda t\u00fcm tedbirleri ald\u0131klar\u0131n\u0131 belirterek, ihtiyac\u0131 olan vatanda\u015flara muhtarlar arac\u0131l\u0131\u011f\u0131yla iki g\u00fcnde 20 bin ekmek da\u011f\u0131tacaklar\u0131n\u0131 s\u00f6yledi. G\u00fcltak, \u201cVatanda\u015flar\u0131m\u0131z rahat olsunlar, evlerinde kals\u0131nlar. Biz sokaktay\u0131z. Hi\u00e7bir \u015fekilde onlar\u0131 ekmeksiz, g\u0131das\u0131z b\u0131rakmay\u0131z\u201d dedi.\u00a0<br \/>\n\u00a0 \u0130\u00e7i\u015fleri Bakanl\u0131\u011f\u0131n\u0131n soka\u011fa \u00e7\u0131kma yasa\u011f\u0131 ilan etti\u011fi iller aras\u0131nda yer alan Mersin\u2019de, belediyeler de d\u00fcn geceden itibaren ek \u00f6nlemlerle vatanda\u015flara destek olmaya devam ediyor. Akdeniz Belediyesi, Kriz Masas\u0131 vas\u0131tas\u0131yla ald\u0131\u011f\u0131 \u00f6nlemleri d\u00fcn geceden itibaren uygulamaya ba\u015flad\u0131. Vatanda\u015flar\u0131n \u00f6zellikle ekmek ve g\u0131da ihtiya\u00e7lar\u0131 noktas\u0131nda teyakkuza ge\u00e7en Akdeniz Belediyesi, ihtiya\u00e7lar\u0131 kar\u015f\u0131lamak i\u00e7in sahada \u00e7al\u0131\u015fmaya devam ediyor.\u00a0<br \/>\n\u00a0<br \/>\n\u00a0 \u201cVatanda\u015flar\u0131m\u0131za 20 bin ekme\u011fi bedava verece\u011fiz\u201d\u00a0<br \/>\n\u00a0 Yap\u0131lan \u00e7al\u0131\u015fmalarla ilgili \u0130HA muhabirine a\u00e7\u0131klama yapan Akdeniz Belediye Ba\u015fkan\u0131 G\u00fcltak, d\u00fcn ak\u015fam Akdeniz Kaymakaml\u0131\u011f\u0131 vas\u0131tas\u0131yla gelen genelge do\u011frultusunda hemen ek \u00f6nlemler ald\u0131klar\u0131n\u0131 s\u00f6yledi. D\u00fcn gece saat 24.00\u2019te ba\u015flayan soka\u011fa \u00e7\u0131kma yasa\u011f\u0131 kapsam\u0131nda hemen Zab\u0131ta M\u00fcd\u00fcrl\u00fc\u011f\u00fc ve di\u011fer birimlerle Kriz Masas\u0131nda toplant\u0131 yapt\u0131klar\u0131n\u0131 belirten Ba\u015fkan G\u00fcltak, \u201cSaat 24.00\u2019ten itibaren tedbirlerimizi ald\u0131k. \u00d6zellikle ihtiya\u00e7 sahibi olan t\u00fcm vatanda\u015flar\u0131m\u0131za ekmek, g\u0131da ve ila\u00e7 yard\u0131mlar\u0131n\u0131 ula\u015ft\u0131rd\u0131k. 112, 155, 156 gibi numaralar\u0131 arad\u0131klar\u0131nda direk bize ula\u015fabiliyorlar. Gece saat 03.00\u2019te yapt\u0131\u011f\u0131m\u0131z denetimlerde de zab\u0131tam\u0131zla t\u00fcm Akdeniz\u2019in kontrol alt\u0131nda oldu\u011funu g\u00f6rd\u00fcm. Bug\u00fcn de sabahtan itibaren geldi\u011fimde vatanda\u015flar\u0131n ihtiya\u00e7lar\u0131n\u0131n giderilmesi noktas\u0131nda talimat verdim. Muhtarlar\u0131m\u0131zla temasa ge\u00e7tik, bug\u00fcn 10 bin, yar\u0131n da 10 bin olmak \u00fczere toplam 20 bin ekme\u011fi, t\u00fcm Akdeniz\u2019de ekmek ihtiyac\u0131 olan vatanda\u015flar\u0131m\u0131za belediyemiz taraf\u0131ndan bedava verece\u011fiz\u201d ifadelerini kulland\u0131.\u00a0<br \/>\n\u00a0<br \/>\n\u00a0 \u201cHi\u00e7bir \u015fekilde onlar\u0131 ekmeksiz, g\u0131das\u0131z b\u0131rakmay\u0131z\u201d\u00a0<br \/>\n\u00a0 Bunun d\u0131\u015f\u0131nda 65 ya\u015f ve \u00fczeri vatanda\u015flara da Vefa Grubu vas\u0131tas\u0131yla kaymakaml\u0131kla beraber yine ekmek ve di\u011fer ihtiya\u00e7lar\u0131 giderme noktas\u0131nda \u00e7al\u0131\u015ft\u0131klar\u0131n\u0131 dile getiren G\u00fcltak, vatanda\u015flardan panik yapmamalar\u0131n\u0131 isteyerek \u015funlar\u0131 s\u00f6yledi:\u00a0<br \/>\n\u201cVatanda\u015flar\u0131m\u0131z rahat olsunlar, evlerinde kals\u0131nlar. Biz sokaktay\u0131z. Onlar merak etmesin. Ek tedbirler ald\u0131k. Hi\u00e7bir \u015fekilde onlar\u0131 ekmeksiz, g\u0131das\u0131z b\u0131rakmay\u0131z. Bir kayg\u0131ya, moral bozuklu\u011funa gerek yok. Pazar gecesi saat 24.00\u2019ten itibaren yasak bitecek. Herhangi bir s\u0131k\u0131nt\u0131 yok.\u201d\u00a0<br \/>\n\u00a0<br \/>\n\u00a0 \u201cPanik yapman\u0131za gerek yok. Biz sizin i\u00e7in 24 saat sahaday\u0131z\u201d\u00a0<br \/>\n\u00a0 Kovid-19 salg\u0131n\u0131 nedeniyle soka\u011fa \u00e7\u0131kma yasa\u011f\u0131 gibi tedbirlerle zaman zaman kar\u015f\u0131la\u015f\u0131labilece\u011fini vurgulayan G\u00fcltak, vatanda\u015flara seslenerek, \u201cAma belediye ve belediye ekipleri, h\u00fck\u00fcmetimiz, valimiz, kaymakam\u0131m\u0131z, t\u00fcm devlet birimleri sizin i\u00e7in teyakkuz halindeler. Herhangi bir panik yapman\u0131za gerek yok. Bazen sosyal medyada bazen telefonla insanlar birbirlerini abart\u0131l\u0131 \u015fekilde aray\u0131p konu\u015fmalar yap\u0131yorlar. Bu da tabi ki pani\u011fe yol a\u00e7\u0131yor. Buradan rica ediyorum; biz sokaktay\u0131z, hi\u00e7bir \u015fekilde bir vatanda\u015f\u0131m\u0131z\u0131n ekmeksiz veya acil, ihtiya\u00e7lar\u0131 olan konularda bizim onlar\u0131 yaln\u0131z b\u0131rakaca\u011f\u0131m\u0131z\u0131 zannetmesinler. 24 saat biz onlar i\u00e7in sahaday\u0131z. Birka\u00e7 g\u00fcnd\u00fcr de ben zaten sahaday\u0131m. Dolay\u0131s\u0131yla rahat olun, panik yapmay\u0131n, evinizde kal\u0131n, sa\u011fl\u0131kla kal\u0131n\u201d \u00e7a\u011fr\u0131s\u0131nda bulundu.\u00a0<br \/>\n\u00a0 Soka\u011fa \u00e7\u0131kma yasa\u011f\u0131 \u00f6ncesinde de ald\u0131klar\u0131 \u00f6nlemler \u00e7er\u00e7evesinde \u00c7evre Temizlik M\u00fcd\u00fcrl\u00fc\u011f\u00fcn\u00fcn aktif \u00e7al\u0131\u015fan 25 i\u015f\u00e7i say\u0131s\u0131n\u0131, di\u011fer birimlerden takviyelerle 100\u2019e \u00e7\u0131kard\u0131klar\u0131n\u0131 ve hemen e\u011fitim verdiklerini ifade eden G\u00fcltak, \u201c\u00c7\u00f6p ve temizlik i\u015flerinde hi\u00e7bir aksama olmuyor. Bu 100 i\u015f\u00e7imiz n\u00f6betle\u015fe Sa\u011fl\u0131k Bakanl\u0131\u011f\u0131 taraf\u0131ndan onayl\u0131, Bilim Kurulunun tavsiye etti\u011fi 100 bin litre dezenfektanla Akdeniz\u2019in b\u00fct\u00fcn cadde ve sokaklar\u0131n\u0131 y\u0131k\u0131yor. Ayr\u0131ca, eczaneler, aile sa\u011fl\u0131\u011f\u0131 merkezleri, \u00f6zel sa\u011fl\u0131k merkezleri, Toros Devlet Hastane, insanlar\u0131n girdi\u011fi t\u00fcm marketler ve ticarethaneler ile a\u00e7\u0131k olan her yer her g\u00fcn denetleniyor ve ila\u00e7lan\u0131yor. B\u00f6ylece vir\u00fcs\u00fcn en az\u0131ndan sokakta olmas\u0131n\u0131 engelliyoruz\u201d diye konu\u015ftu.\u00a0<br \/>\n\u00a0 T\u00fcrkiye\u2019de maske \u00fcreten ilk belediye olduklar\u0131n\u0131 ve \u0130l Sa\u011fl\u0131k M\u00fcd\u00fcrl\u00fc\u011f\u00fcyle yapt\u0131klar\u0131 protokol \u00e7er\u00e7evesinde yakla\u015f\u0131k 25 g\u00fcnd\u00fcr 30 kad\u0131nla g\u00fcnl\u00fck 5 bin adet \u00fcretim yapt\u0131klar\u0131n\u0131 da bildiren G\u00fcltak, \u201cAyr\u0131ca kurdu\u011fumuz iki kad\u0131n kooperatifinin talebi \u00fczerine 20 civar\u0131nda g\u00f6n\u00fcll\u00fc han\u0131mefendinin evlerinde maske \u00fcretmeleri i\u00e7in hem malzeme hem de diki\u015f makineleri sa\u011flad\u0131k. Bu hafta itibariyle onlar da g\u00fcnl\u00fck yakla\u015f\u0131k bin 500 maske \u00fcretiyor. Toplamda biz g\u00fcnl\u00fck 7-8 bin civar\u0131nda maske \u00fcretiyoruz\u201d \u015feklinde konu\u015ftu.\u00a0<br \/>\n\u00a0 G\u00fcltak, hem tar\u0131m\u0131n sekteye u\u011framamas\u0131 hem de vir\u00fcsten korunmak ad\u0131na b\u00f6lgelerine gelen mevsimlik tar\u0131m i\u015f\u00e7ilerine de maske ve dezenfektan da\u011f\u0131tt\u0131klar\u0131n\u0131 ve rutin olarak denetimlerini yapt\u0131klar\u0131n\u0131 dile getirdi. Ayr\u0131ca, Vefa Grubu ile birlikte vatanda\u015flara g\u00fcnl\u00fck yakla\u015f\u0131k 250 adet g\u0131da kolisi da\u011f\u0131t\u0131m\u0131n yan\u0131 s\u0131ra her g\u00fcn bin 500 eve de s\u0131cak yemek da\u011f\u0131tt\u0131klar\u0131 bilgisini verdi.<\/p>\n","protected":false},"excerpt":{"rendered":"<p>Akdeniz Belediye Ba\u015fkan\u0131 Muhammet Mustafa G\u00fcltak, soka\u011fa \u00e7\u0131kma yasa\u011f\u0131 kapsam\u0131nda t\u00fcm tedbirleri ald\u0131klar\u0131n\u0131 belirterek, ihtiyac\u0131 olan vatanda\u015flara muhtarlar arac\u0131l\u0131\u011f\u0131yla iki g\u00fcnde 20 bin ekmek da\u011f\u0131tacaklar\u0131n\u0131 s\u00f6yledi. G\u00fcltak, \u201cVatanda\u015flar\u0131m\u0131z rahat olsunlar, &hellip; <a href=\"https:\/\/mersinekonomipolitikagazetesi.com\/?p=6499\" class=\"more-link\">Devam\u0131n\u0131 Oku&#8230;<\/a><\/p>\n","protected":false},"author":1,"featured_media":0,"comment_status":"open","ping_status":"open","sticky":false,"template":"","format":"standard","meta":[],"categories":[],"tags":[],"_links":{"self":[{"href":"https:\/\/mersinekonomipolitikagazetesi.com\/index.php?rest_route=\/wp\/v2\/posts\/6499"}],"collection":[{"href":"https:\/\/mersinekonomipolitikagazetesi.com\/index.php?rest_route=\/wp\/v2\/posts"}],"about":[{"href":"https:\/\/mersinekonomipolitikagazetesi.com\/index.php?rest_route=\/wp\/v2\/types\/post"}],"author":[{"embeddable":true,"href":"https:\/\/mersinekonomipolitikagazetesi.com\/index.php?rest_route=\/wp\/v2\/users\/1"}],"replies":[{"embeddable":true,"href":"https:\/\/mersinekonomipolitikagazetesi.com\/index.php?rest_route=%2Fwp%2Fv2%2Fcomments&post=6499"}],"version-history":[{"count":0,"href":"https:\/\/mersinekonomipolitikagazetesi.com\/index.php?rest_route=\/wp\/v2\/posts\/6499\/revisions"}],"wp:attachment":[{"href":"https:\/\/mersinekonomipolitikagazetesi.com\/index.php?rest_route=%2Fwp%2Fv2%2Fmedia&parent=6499"}],"wp:term":[{"taxonomy":"category","embeddable":true,"href":"https:\/\/mersinekonomipolitikagazetesi.com\/index.php?rest_route=%2Fwp%2Fv2%2Fcategories&post=6499"},{"taxonomy":"post_tag","embeddable":true,"href":"https:\/\/mersinekonomipolitikagazetesi.com\/index.php?rest_route=%2Fwp%2Fv2%2Ftags&post=6499"}],"curies":[{"name":"wp","href":"https:\/\/api.w.org\/{rel}","templated":true}]}}