{"id":6500,"date":"2020-11-04T18:27:00","date_gmt":"2020-11-04T15:27:00","guid":{"rendered":"http:\/\/mersinekonomipolitikagazetesi.com\/?p=6500"},"modified":"2020-11-04T18:27:00","modified_gmt":"2020-11-04T15:27:00","slug":"mersin-sessizlige-burundu","status":"publish","type":"post","link":"https:\/\/mersinekonomipolitikagazetesi.com\/?p=6500","title":{"rendered":"Mersin sessizli\u011fe b\u00fcr\u00fcnd\u00fc"},"content":{"rendered":"<p>T\u00fcm d\u00fcnyay\u0131 etkisi alt\u0131na alan korona vir\u00fcs nedeniyle 2 g\u00fcnl\u00fck soka\u011fa \u00e7\u0131kma yasa\u011f\u0131 ilan edilen Mersin&#8217;de caddeler ve sokaklar sessizli\u011fe b\u00fcr\u00fcnd\u00fc. Sadece \u00e7al\u0131\u015fma zorunlulu\u011fu olanlar d\u0131\u015f\u0131nda hi\u00e7 kimse d\u0131\u015far\u0131 \u00e7\u0131kmazken, g\u00fcvenlik g\u00fc\u00e7leri de hem uygulama noktalar\u0131nda hem de devriyelerde sokakta g\u00f6rd\u00fckleri vatanda\u015flar\u0131 uyar\u0131yor. Kentin bo\u015f hali drone ile havadan g\u00f6r\u00fcnt\u00fclenirken, vatanda\u015flar\u0131n yasa\u011fa uydu\u011fu g\u00f6r\u00fcld\u00fc.\u00a0<br \/>\n\u00a0 D\u00fcn ak\u015fam saatlerinde \u0130\u00e7i\u015fleri Bakanl\u0131\u011f\u0131 taraf\u0131ndan yay\u0131nlanan genelge ile 30 b\u00fcy\u00fck\u015fehir ile Zonguldak&#8217;ta 2 g\u00fcnl\u00fck soka\u011fa \u00e7\u0131kma yasa\u011f\u0131 ilan edildi. D\u00fcn gece saat 24.00 itibariyle ba\u015flayan yasakla birlikte, 31 kentte \u00fcst d\u00fczey \u00f6nlemler al\u0131nd\u0131. Soka\u011fa \u00e7\u0131kma yasa\u011f\u0131 ilan edilen Mersin&#8217;de de caddeler ve sokaklar sessizli\u011fe b\u00fcr\u00fcnd\u00fc. Kentin en i\u015flek caddeleri ve sokaklar\u0131 tamamen bo\u015fal\u0131rken, sadece \u00e7al\u0131\u015fma zorunlulu\u011fu olanlar ve genelge ile izin verilenlerin d\u0131\u015far\u0131da oldu\u011fu g\u00f6r\u00fcld\u00fc. G\u00fcvenlik g\u00fc\u00e7leri de hem uygulama noktalar\u0131nda hem de devriyelerle sokakta g\u00f6rd\u00fckleri vatanda\u015flar\u0131 uyar\u0131rken, \u00e7al\u0131\u015ft\u0131klar\u0131 i\u015f kollar\u0131n\u0131 da sorguluyor. Yollarda \u00e7ok az say\u0131da ara\u00e7 bulunurken, yaya olarak gezen vatanda\u015f\u0131n ise yok denecek kadar az oldu\u011fu g\u00f6r\u00fcld\u00fc.\u00a0\u00a0<br \/>\n\u00a0 \u00d6te yandan kentin bo\u015f hali drone ile havadan g\u00f6r\u00fcnt\u00fclendi. G\u00f6r\u00fcnt\u00fclerde \u015fehir tamamen bo\u015fal\u0131rken, vatanda\u015flar\u0131n yasa\u011fa uydu\u011fu g\u00f6r\u00fcld\u00fc.\u00a0\u00a0<\/p>\n","protected":false},"excerpt":{"rendered":"<p>T\u00fcm d\u00fcnyay\u0131 etkisi alt\u0131na alan korona vir\u00fcs nedeniyle 2 g\u00fcnl\u00fck soka\u011fa \u00e7\u0131kma yasa\u011f\u0131 ilan edilen Mersin&#8217;de caddeler ve sokaklar sessizli\u011fe b\u00fcr\u00fcnd\u00fc. Sadece \u00e7al\u0131\u015fma zorunlulu\u011fu olanlar d\u0131\u015f\u0131nda hi\u00e7 kimse d\u0131\u015far\u0131 \u00e7\u0131kmazken, &hellip; <a href=\"https:\/\/mersinekonomipolitikagazetesi.com\/?p=6500\" class=\"more-link\">Devam\u0131n\u0131 Oku&#8230;<\/a><\/p>\n","protected":false},"author":1,"featured_media":0,"comment_status":"open","ping_status":"open","sticky":false,"template":"","format":"standard","meta":[],"categories":[],"tags":[],"_links":{"self":[{"href":"https:\/\/mersinekonomipolitikagazetesi.com\/index.php?rest_route=\/wp\/v2\/posts\/6500"}],"collection":[{"href":"https:\/\/mersinekonomipolitikagazetesi.com\/index.php?rest_route=\/wp\/v2\/posts"}],"about":[{"href":"https:\/\/mersinekonomipolitikagazetesi.com\/index.php?rest_route=\/wp\/v2\/types\/post"}],"author":[{"embeddable":true,"href":"https:\/\/mersinekonomipolitikagazetesi.com\/index.php?rest_route=\/wp\/v2\/users\/1"}],"replies":[{"embeddable":true,"href":"https:\/\/mersinekonomipolitikagazetesi.com\/index.php?rest_route=%2Fwp%2Fv2%2Fcomments&post=6500"}],"version-history":[{"count":0,"href":"https:\/\/mersinekonomipolitikagazetesi.com\/index.php?rest_route=\/wp\/v2\/posts\/6500\/revisions"}],"wp:attachment":[{"href":"https:\/\/mersinekonomipolitikagazetesi.com\/index.php?rest_route=%2Fwp%2Fv2%2Fmedia&parent=6500"}],"wp:term":[{"taxonomy":"category","embeddable":true,"href":"https:\/\/mersinekonomipolitikagazetesi.com\/index.php?rest_route=%2Fwp%2Fv2%2Fcategories&post=6500"},{"taxonomy":"post_tag","embeddable":true,"href":"https:\/\/mersinekonomipolitikagazetesi.com\/index.php?rest_route=%2Fwp%2Fv2%2Ftags&post=6500"}],"curies":[{"name":"wp","href":"https:\/\/api.w.org\/{rel}","templated":true}]}}