{"id":6501,"date":"2020-11-04T18:27:00","date_gmt":"2020-11-04T15:27:00","guid":{"rendered":"http:\/\/mersinekonomipolitikagazetesi.com\/?p=6501"},"modified":"2020-11-04T18:27:00","modified_gmt":"2020-11-04T15:27:00","slug":"akkuyuda-bir-personel-korona-virusu-nedeniyle-karantinaya-alindi","status":"publish","type":"post","link":"https:\/\/mersinekonomipolitikagazetesi.com\/?p=6501","title":{"rendered":"Akkuyu&#8217;da bir personel korona vir\u00fcs\u00fc nedeniyle karantinaya al\u0131nd\u0131"},"content":{"rendered":"<p>Akkuyu N\u00fckleer A\u015e&#8217;nin ta\u015feron \u015firketinde \u00e7al\u0131\u015fan bir personelin korona vir\u00fcs te\u015fhisi ile karantina alt\u0131na al\u0131nd\u0131\u011f\u0131, temas etti\u011fi ki\u015filerin de tespit edilerek izole edildi\u011fi bildirildi.\u00a0 \u00a0<br \/>\n\u00a0 Akkuyu N\u00fckleer A\u015e&#8217;nin resmi internet sitesinden yap\u0131lan a\u00e7\u0131klamada, kamuoyu manip\u00fclasyonunun \u00f6nlenmesi amac\u0131 ile hem\u00a0 \u00e7al\u0131\u015fanlar\u0131n, hem medya organlar\u0131n\u0131n hem de kamuoyunun, 5 binin \u00fczerinde ki\u015finin \u00e7al\u0131\u015ft\u0131\u011f\u0131 in\u015faat sahas\u0131nda \u00e7al\u0131\u015fma ortam\u0131 ve korona vir\u00fcs enfeksiyonunun yay\u0131lmas\u0131yla m\u00fccadele kapsam\u0131nda al\u0131nan tedbirlerle ilgili s\u00fcrekli bilgilendirme yap\u0131ld\u0131\u011f\u0131 belirtildi. A\u00e7\u0131klamada, &#8220;Projemizin ger\u00e7ekle\u015ftirilmesi kapsam\u0131nda Akkuyu N\u00fckleer A\u015e ve b\u00fct\u00fcn alt y\u00fcklenici \u015firketler taraf\u0131ndan \u00e7al\u0131\u015fanlar\u0131n sa\u011fl\u0131\u011f\u0131n\u0131n korunmas\u0131 ile projenin kesintisiz olarak devam ettirilmesi i\u00e7in gerekli olan t\u00fcm \u00f6nlemler harfiyen uygulanmaktad\u0131r. Bug\u00fcn ta\u015feron \u015firketimize ba\u011fl\u0131 bir \u00e7al\u0131\u015fan\u0131m\u0131z\u0131n test sonu\u00e7lar\u0131n\u0131n pozitif oldu\u011fu tespit edilmi\u015f olup, s\u00f6z\u00fc ge\u00e7en \u00e7al\u0131\u015fan \u015fu an itibar\u0131 ile izole edilerek karantina alt\u0131na al\u0131nm\u0131\u015ft\u0131r. Bahse konu \u00e7al\u0131\u015fan ile temas etmi\u015f ki\u015filer tespit edilmi\u015ftir. Hepsi ayn\u0131 \u015fekilde izole edilmi\u015f bulunmaktad\u0131r. Durum ile ilgili olarak Enerji ve Tabii Kaynaklar Bakanl\u0131\u011f\u0131 ve m\u00fclki idare amirlikleri haberdar edilmi\u015ftir, onlar ile s\u00fcrekli ileti\u015fim i\u00e7erisinde bulunmaktay\u0131z&#8221; denildi.\u00a0<br \/>\n\u00a0 Epidemik krizin T\u00fcrkiye&#8217;nin ilk n\u00fckleer santralinin in\u015fa s\u00fcreci \u00fczerindeki etkisini en aza indirmek, in\u015faat sahas\u0131nda \u00e7al\u0131\u015fanlar\u0131n sa\u011fl\u0131\u011f\u0131n\u0131n korunmas\u0131 ve g\u00fcvenli\u011fin sa\u011flanmas\u0131 i\u00e7in gerekli t\u00fcm tedbirlerin al\u0131nd\u0131\u011f\u0131 vurgulanan a\u00e7\u0131klamada, \u015fu ifadelere yer verildi:\u00a0<br \/>\n\u00a0 &#8220;Akkuyu N\u00fckleer A\u015e, T\u00fcrkiye Cumhuriyeti Sa\u011fl\u0131k Bakanl\u0131\u011f\u0131, \u0130\u00e7i\u015fleri Bakanl\u0131\u011f\u0131 ve di\u011fer ilgili kamu kurumlar\u0131n\u0131n talimatlar\u0131na ve tavsiyelerine uymakta olup, T\u00fcrkiye\u2019de enfeksiyonun yay\u0131lmas\u0131n\u0131 \u00f6nlemeye y\u00f6nelik karantina dahil olmak \u00fczere daha s\u0131k\u0131 \u00f6nlemlerin al\u0131nmas\u0131 halinde onlar\u0131 da uygulamaya haz\u0131rd\u0131r. \u0130n\u015faat sahas\u0131ndaki ko\u015fullar ve \u00e7al\u0131\u015fanlar\u0131m\u0131z\u0131n sa\u011fl\u0131k durumu konusunda d\u00fczenli olarak g\u00fcncel bilgi almaya ve kamuoyu ile do\u011fru bilgi payla\u015fmaya devam edece\u011fiz. Bu s\u00fcre\u00e7te herkese sa\u011fl\u0131klar diler ve epidemik durumun en k\u0131sa zamanda iyile\u015ftirilmesini temenni ederiz. Akkuyu N\u00fckleer A\u015e olarak devletin ba\u015flatm\u0131\u015f oldu\u011fu &#8216;Biz bize yeteriz T\u00fcrkiyem&#8217; kampanyas\u0131 dahilinde sadece \u00e7al\u0131\u015fanlar\u0131m\u0131z\u0131n aile mensuplar\u0131na de\u011fil, ayn\u0131 zamanda Mersinlilere ve T\u00fcrkiye\u2019nin b\u00fct\u00fcn vatanda\u015flar\u0131na elimizi olabildi\u011fince uzatmaya \u00e7al\u0131\u015ft\u0131k ve \u00e7al\u0131\u015fmaya devam edece\u011fiz.&#8221;\u00a0<\/p>\n","protected":false},"excerpt":{"rendered":"<p>Akkuyu N\u00fckleer A\u015e&#8217;nin ta\u015feron \u015firketinde \u00e7al\u0131\u015fan bir personelin korona vir\u00fcs te\u015fhisi ile karantina alt\u0131na al\u0131nd\u0131\u011f\u0131, temas etti\u011fi ki\u015filerin de tespit edilerek izole edildi\u011fi bildirildi.\u00a0 \u00a0 \u00a0 Akkuyu N\u00fckleer A\u015e&#8217;nin resmi &hellip; <a href=\"https:\/\/mersinekonomipolitikagazetesi.com\/?p=6501\" class=\"more-link\">Devam\u0131n\u0131 Oku&#8230;<\/a><\/p>\n","protected":false},"author":1,"featured_media":0,"comment_status":"open","ping_status":"open","sticky":false,"template":"","format":"standard","meta":[],"categories":[],"tags":[],"_links":{"self":[{"href":"https:\/\/mersinekonomipolitikagazetesi.com\/index.php?rest_route=\/wp\/v2\/posts\/6501"}],"collection":[{"href":"https:\/\/mersinekonomipolitikagazetesi.com\/index.php?rest_route=\/wp\/v2\/posts"}],"about":[{"href":"https:\/\/mersinekonomipolitikagazetesi.com\/index.php?rest_route=\/wp\/v2\/types\/post"}],"author":[{"embeddable":true,"href":"https:\/\/mersinekonomipolitikagazetesi.com\/index.php?rest_route=\/wp\/v2\/users\/1"}],"replies":[{"embeddable":true,"href":"https:\/\/mersinekonomipolitikagazetesi.com\/index.php?rest_route=%2Fwp%2Fv2%2Fcomments&post=6501"}],"version-history":[{"count":0,"href":"https:\/\/mersinekonomipolitikagazetesi.com\/index.php?rest_route=\/wp\/v2\/posts\/6501\/revisions"}],"wp:attachment":[{"href":"https:\/\/mersinekonomipolitikagazetesi.com\/index.php?rest_route=%2Fwp%2Fv2%2Fmedia&parent=6501"}],"wp:term":[{"taxonomy":"category","embeddable":true,"href":"https:\/\/mersinekonomipolitikagazetesi.com\/index.php?rest_route=%2Fwp%2Fv2%2Fcategories&post=6501"},{"taxonomy":"post_tag","embeddable":true,"href":"https:\/\/mersinekonomipolitikagazetesi.com\/index.php?rest_route=%2Fwp%2Fv2%2Ftags&post=6501"}],"curies":[{"name":"wp","href":"https:\/\/api.w.org\/{rel}","templated":true}]}}