{"id":6503,"date":"2020-11-04T18:27:00","date_gmt":"2020-11-04T15:27:00","guid":{"rendered":"http:\/\/mersinekonomipolitikagazetesi.com\/?p=6503"},"modified":"2020-11-04T18:27:00","modified_gmt":"2020-11-04T15:27:00","slug":"fransada-korona-virusten-olen-ilk-turk-vatandasi-halil-bickinin-kuzeni-de-oldu","status":"publish","type":"post","link":"https:\/\/mersinekonomipolitikagazetesi.com\/?p=6503","title":{"rendered":"Fransa&#8217;da Korona vir\u00fcsten \u00f6len ilk T\u00fcrk vatanda\u015f\u0131 Halil B\u0131\u00e7k\u0131\u2019n\u0131n kuzeni de \u00f6ld\u00fc"},"content":{"rendered":"<p>Fransa\u2019da Korona vir\u00fcs nedeniyle 12 \u015eubat\u2019ta ya\u015fam\u0131n\u0131 yitiren ilk T\u00fcrk vatanda\u015f\u0131 Mersinli Halil B\u0131\u00e7k\u0131&#8217;n\u0131n (64) 41 ya\u015f\u0131ndaki kuzeni G\u00f6kmen B\u0131\u00e7k\u0131 da ayn\u0131 hastal\u0131ktan hayat\u0131n\u0131 kaybetti.\u00a0<br \/>\n\u00a0 Fransa&#8217;n\u0131n Soissons kentinde 12 \u015eubat&#8217;ta korona vir\u00fcs nedeniyle ya\u015fam\u0131n\u0131 yitiren Halil B\u0131\u00e7k\u0131&#8217;n\u0131n ayn\u0131 kentte ya\u015fayan kuzeni G\u00f6kmen B\u0131\u00e7k\u0131 ve e\u015finin testleri pozitif \u00e7\u0131k\u0131nca, \u00e7ift tedaviye al\u0131nd\u0131.\u00a0\u00a0<br \/>\n\u00a0 Yakla\u015f\u0131k bir ayd\u0131r yo\u011fun bak\u0131mda tedavisi s\u00fcren G\u00f6kmen B\u0131\u00e7k\u0131 da korona vir\u00fcsten ya\u015fam\u0131n\u0131 yitirdi. Tedavisi s\u00fcren e\u015finin durumunu iyi oldu\u011fu \u00f6\u011frenildi.\u00a0\u00a0<br \/>\n\u00a0 Frans\u0131z yetkililer, Halil B\u0131\u00e7k\u0131&#8217;n\u0131n cenazesini memleketi olan Mersin&#8217;in Mut il\u00e7esine g\u00f6nderilmesine izin vermeyerek Fransa\u2019da topra\u011fa verilmi\u015fti. G\u00f6kmen B\u0131\u00e7k\u0131&#8217;n\u0131n cenazesinin ise Mut&#8217;ta defnedilmesine izin verildi\u011fi bildirildi.\u00a0\u00a0<\/p>\n","protected":false},"excerpt":{"rendered":"<p>Fransa\u2019da Korona vir\u00fcs nedeniyle 12 \u015eubat\u2019ta ya\u015fam\u0131n\u0131 yitiren ilk T\u00fcrk vatanda\u015f\u0131 Mersinli Halil B\u0131\u00e7k\u0131&#8217;n\u0131n (64) 41 ya\u015f\u0131ndaki kuzeni G\u00f6kmen B\u0131\u00e7k\u0131 da ayn\u0131 hastal\u0131ktan hayat\u0131n\u0131 kaybetti.\u00a0 \u00a0 Fransa&#8217;n\u0131n Soissons kentinde 12 &hellip; <a href=\"https:\/\/mersinekonomipolitikagazetesi.com\/?p=6503\" class=\"more-link\">Devam\u0131n\u0131 Oku&#8230;<\/a><\/p>\n","protected":false},"author":1,"featured_media":0,"comment_status":"open","ping_status":"open","sticky":false,"template":"","format":"standard","meta":[],"categories":[],"tags":[],"_links":{"self":[{"href":"https:\/\/mersinekonomipolitikagazetesi.com\/index.php?rest_route=\/wp\/v2\/posts\/6503"}],"collection":[{"href":"https:\/\/mersinekonomipolitikagazetesi.com\/index.php?rest_route=\/wp\/v2\/posts"}],"about":[{"href":"https:\/\/mersinekonomipolitikagazetesi.com\/index.php?rest_route=\/wp\/v2\/types\/post"}],"author":[{"embeddable":true,"href":"https:\/\/mersinekonomipolitikagazetesi.com\/index.php?rest_route=\/wp\/v2\/users\/1"}],"replies":[{"embeddable":true,"href":"https:\/\/mersinekonomipolitikagazetesi.com\/index.php?rest_route=%2Fwp%2Fv2%2Fcomments&post=6503"}],"version-history":[{"count":0,"href":"https:\/\/mersinekonomipolitikagazetesi.com\/index.php?rest_route=\/wp\/v2\/posts\/6503\/revisions"}],"wp:attachment":[{"href":"https:\/\/mersinekonomipolitikagazetesi.com\/index.php?rest_route=%2Fwp%2Fv2%2Fmedia&parent=6503"}],"wp:term":[{"taxonomy":"category","embeddable":true,"href":"https:\/\/mersinekonomipolitikagazetesi.com\/index.php?rest_route=%2Fwp%2Fv2%2Fcategories&post=6503"},{"taxonomy":"post_tag","embeddable":true,"href":"https:\/\/mersinekonomipolitikagazetesi.com\/index.php?rest_route=%2Fwp%2Fv2%2Ftags&post=6503"}],"curies":[{"name":"wp","href":"https:\/\/api.w.org\/{rel}","templated":true}]}}