{"id":6513,"date":"2020-11-04T18:27:01","date_gmt":"2020-11-04T15:27:01","guid":{"rendered":"http:\/\/mersinekonomipolitikagazetesi.com\/?p=6513"},"modified":"2020-11-04T18:27:01","modified_gmt":"2020-11-04T15:27:01","slug":"saglik-calisanlarindan-polise-surpriz-kutlama","status":"publish","type":"post","link":"https:\/\/mersinekonomipolitikagazetesi.com\/?p=6513","title":{"rendered":"Sa\u011fl\u0131k \u00e7al\u0131\u015fanlar\u0131ndan polise s\u00fcrpriz kutlama"},"content":{"rendered":"<p><span style=\"line-height: 1.6em;\">\u00a0Mersin\u2019in Tarsus il\u00e7esinde sa\u011fl\u0131k \u00e7al\u0131\u015fanlar\u0131, T\u00fcrk Polis Te\u015fkilat\u0131n\u0131n 175. kurulu\u015f y\u0131l d\u00f6n\u00fcm\u00fc ve Polis Haftas\u0131&#8217;n\u0131 s\u00fcrprizle kutlad\u0131.\u00a0<\/span><\/p>\n<p>Tarsus Devlet Hastanesinde g\u00f6revli sa\u011fl\u0131k \u00e7al\u0131\u015fanlar\u0131 ile 112 Acil Servis ekibi, mesailerinde \u00e7o\u011fu zaman birlikte olduklar\u0131 polislere s\u00fcrpriz kutlama yapt\u0131. Sa\u011fl\u0131k \u00e7al\u0131\u015fanlar\u0131, Tarsus Devlet Hastanesinde kavga oldu\u011fu ihbar\u0131 yaparak takviye polis ekibi istedi.\u00a0<br \/>\nHastaneye gelen polisleri alk\u0131\u015flarla kar\u015f\u0131layan sa\u011fl\u0131k \u00e7al\u0131\u015fanlar\u0131, haz\u0131rlad\u0131klar\u0131 pastay\u0131 keserek, T\u00fcrk Polis Te\u015fkilat\u0131n\u0131n 175. kurulu\u015f y\u0131l d\u00f6n\u00fcm\u00fc ve Polis Haftas\u0131&#8217;n\u0131 kutlad\u0131.\u00a0<br \/>\n\u00dclkenin \u00e7ok zor g\u00fcnler ge\u00e7irdi\u011fini, birlik ve beraberlik i\u00e7inde atlatacaklar\u0131n\u0131 belirten sa\u011fl\u0131k \u00e7al\u0131\u015fanlar\u0131, herkesin evde kald\u0131\u011f\u0131 bir d\u00f6nemde kendileriyle birlikte \u00e7al\u0131\u015fan polislere s\u00fcrprizlerinin bir nebze de olsa moral olmas\u0131n\u0131 dilediklerini ifade etti.\u00a0<br \/>\nPolis Haftas\u0131n\u0131 kutlayan sa\u011fl\u0131k \u00e7al\u0131\u015fanlar\u0131, pastay\u0131 da polislerle birlikte kesti.\u00a0<br \/>\nS\u00fcrprize ilk olarak \u015fa\u015f\u0131ran polisler, kendilerini unutmayan sa\u011fl\u0131k \u00e7al\u0131\u015fanlara te\u015fekk\u00fcr etti.\u00a0<\/p>\n","protected":false},"excerpt":{"rendered":"<p>\u00a0Mersin\u2019in Tarsus il\u00e7esinde sa\u011fl\u0131k \u00e7al\u0131\u015fanlar\u0131, T\u00fcrk Polis Te\u015fkilat\u0131n\u0131n 175. kurulu\u015f y\u0131l d\u00f6n\u00fcm\u00fc ve Polis Haftas\u0131&#8217;n\u0131 s\u00fcrprizle kutlad\u0131.\u00a0 Tarsus Devlet Hastanesinde g\u00f6revli sa\u011fl\u0131k \u00e7al\u0131\u015fanlar\u0131 ile 112 Acil Servis ekibi, mesailerinde \u00e7o\u011fu &hellip; <a href=\"https:\/\/mersinekonomipolitikagazetesi.com\/?p=6513\" class=\"more-link\">Devam\u0131n\u0131 Oku&#8230;<\/a><\/p>\n","protected":false},"author":1,"featured_media":0,"comment_status":"open","ping_status":"open","sticky":false,"template":"","format":"standard","meta":[],"categories":[],"tags":[],"_links":{"self":[{"href":"https:\/\/mersinekonomipolitikagazetesi.com\/index.php?rest_route=\/wp\/v2\/posts\/6513"}],"collection":[{"href":"https:\/\/mersinekonomipolitikagazetesi.com\/index.php?rest_route=\/wp\/v2\/posts"}],"about":[{"href":"https:\/\/mersinekonomipolitikagazetesi.com\/index.php?rest_route=\/wp\/v2\/types\/post"}],"author":[{"embeddable":true,"href":"https:\/\/mersinekonomipolitikagazetesi.com\/index.php?rest_route=\/wp\/v2\/users\/1"}],"replies":[{"embeddable":true,"href":"https:\/\/mersinekonomipolitikagazetesi.com\/index.php?rest_route=%2Fwp%2Fv2%2Fcomments&post=6513"}],"version-history":[{"count":0,"href":"https:\/\/mersinekonomipolitikagazetesi.com\/index.php?rest_route=\/wp\/v2\/posts\/6513\/revisions"}],"wp:attachment":[{"href":"https:\/\/mersinekonomipolitikagazetesi.com\/index.php?rest_route=%2Fwp%2Fv2%2Fmedia&parent=6513"}],"wp:term":[{"taxonomy":"category","embeddable":true,"href":"https:\/\/mersinekonomipolitikagazetesi.com\/index.php?rest_route=%2Fwp%2Fv2%2Fcategories&post=6513"},{"taxonomy":"post_tag","embeddable":true,"href":"https:\/\/mersinekonomipolitikagazetesi.com\/index.php?rest_route=%2Fwp%2Fv2%2Ftags&post=6513"}],"curies":[{"name":"wp","href":"https:\/\/api.w.org\/{rel}","templated":true}]}}