{"id":6515,"date":"2020-11-04T18:27:01","date_gmt":"2020-11-04T15:27:01","guid":{"rendered":"http:\/\/mersinekonomipolitikagazetesi.com\/?p=6515"},"modified":"2020-11-04T18:27:01","modified_gmt":"2020-11-04T15:27:01","slug":"bakan-soyludan-ilk-aciklama-ayni-kararlilikla-devam-etmeliyiz","status":"publish","type":"post","link":"https:\/\/mersinekonomipolitikagazetesi.com\/?p=6515","title":{"rendered":"Bakan Soylu\u2019dan ilk a\u00e7\u0131klama: \u201cAyn\u0131 kararl\u0131l\u0131kla devam etmeliyiz\u201d"},"content":{"rendered":"<p><span style=\"line-height: 1.6em;\">\u00a0D\u00fcn ak\u015fam saatlerinde g\u00f6revinden istifa eden ve istifas\u0131 Cumhurba\u015fkan\u0131 Recep Tayyip Erdo\u011fan taraf\u0131ndan kabul edilmeyen \u0130\u00e7i\u015fleri Bakan\u0131 S\u00fcleyman Soylu, \u201cAyn\u0131 kararl\u0131l\u0131kla devam etmeliyiz. Allah milletimize, bizi mahcup etmesin\u201d dedi.\u00a0<\/span><\/p>\n<p>D\u00fcn ak\u015fam saatlerinde g\u00f6revinden istifa etti\u011fini a\u00e7\u0131klayan \u0130\u00e7i\u015fleri Bakan\u0131 S\u00fcleyman Soylu\u2019nun istifas\u0131 Cumhurba\u015fkan\u0131 Recep Tayyip Erdo\u011fan taraf\u0131ndan kabul edilmedi. Bakan Soylu g\u00f6revine kald\u0131\u011f\u0131 yerden devam ediyor. Ya\u015fan\u0131lanlar sonras\u0131 k\u0131sa bir a\u00e7\u0131klama yapan Bakan Soylu, \u201cAllah hem milletimize hem de bizden umudu olanlara, bizi mahcup etmesin. Ayn\u0131 kararl\u0131l\u0131kla devam etmeliyiz. Allah\u2019a emanet olun\u201d dedi.\u00a0<\/p>\n","protected":false},"excerpt":{"rendered":"<p>\u00a0D\u00fcn ak\u015fam saatlerinde g\u00f6revinden istifa eden ve istifas\u0131 Cumhurba\u015fkan\u0131 Recep Tayyip Erdo\u011fan taraf\u0131ndan kabul edilmeyen \u0130\u00e7i\u015fleri Bakan\u0131 S\u00fcleyman Soylu, \u201cAyn\u0131 kararl\u0131l\u0131kla devam etmeliyiz. Allah milletimize, bizi mahcup etmesin\u201d dedi.\u00a0 D\u00fcn &hellip; <a href=\"https:\/\/mersinekonomipolitikagazetesi.com\/?p=6515\" class=\"more-link\">Devam\u0131n\u0131 Oku&#8230;<\/a><\/p>\n","protected":false},"author":1,"featured_media":0,"comment_status":"open","ping_status":"open","sticky":false,"template":"","format":"standard","meta":[],"categories":[],"tags":[],"_links":{"self":[{"href":"https:\/\/mersinekonomipolitikagazetesi.com\/index.php?rest_route=\/wp\/v2\/posts\/6515"}],"collection":[{"href":"https:\/\/mersinekonomipolitikagazetesi.com\/index.php?rest_route=\/wp\/v2\/posts"}],"about":[{"href":"https:\/\/mersinekonomipolitikagazetesi.com\/index.php?rest_route=\/wp\/v2\/types\/post"}],"author":[{"embeddable":true,"href":"https:\/\/mersinekonomipolitikagazetesi.com\/index.php?rest_route=\/wp\/v2\/users\/1"}],"replies":[{"embeddable":true,"href":"https:\/\/mersinekonomipolitikagazetesi.com\/index.php?rest_route=%2Fwp%2Fv2%2Fcomments&post=6515"}],"version-history":[{"count":0,"href":"https:\/\/mersinekonomipolitikagazetesi.com\/index.php?rest_route=\/wp\/v2\/posts\/6515\/revisions"}],"wp:attachment":[{"href":"https:\/\/mersinekonomipolitikagazetesi.com\/index.php?rest_route=%2Fwp%2Fv2%2Fmedia&parent=6515"}],"wp:term":[{"taxonomy":"category","embeddable":true,"href":"https:\/\/mersinekonomipolitikagazetesi.com\/index.php?rest_route=%2Fwp%2Fv2%2Fcategories&post=6515"},{"taxonomy":"post_tag","embeddable":true,"href":"https:\/\/mersinekonomipolitikagazetesi.com\/index.php?rest_route=%2Fwp%2Fv2%2Ftags&post=6515"}],"curies":[{"name":"wp","href":"https:\/\/api.w.org\/{rel}","templated":true}]}}