{"id":6516,"date":"2020-11-04T18:27:01","date_gmt":"2020-11-04T15:27:01","guid":{"rendered":"http:\/\/mersinekonomipolitikagazetesi.com\/?p=6516"},"modified":"2020-11-04T18:27:01","modified_gmt":"2020-11-04T15:27:01","slug":"akdeniz-belediyesi-65-mahallede-20-bin-ekmek-dagitti","status":"publish","type":"post","link":"https:\/\/mersinekonomipolitikagazetesi.com\/?p=6516","title":{"rendered":"Akdeniz Belediyesi 65 mahallede 20 bin ekmek da\u011f\u0131tt\u0131"},"content":{"rendered":"<p><span style=\"line-height: 1.6em;\">\u00a0Mersin&#8217;in merkez il\u00e7e Akdeniz Belediyesi, soka\u011fa \u00e7\u0131kma yasa\u011f\u0131 s\u00fcrecinde 20 bin ekmek da\u011f\u0131tt\u0131.\u00a0<\/span><\/p>\n<p>Akdeniz Belediye Ba\u015fkan\u0131 Mustafa G\u00fcltak, korona vir\u00fcs salg\u0131n\u0131na kar\u015f\u0131 kurulan kriz masas\u0131n\u0131 ziyaret etti, \u00e7al\u0131\u015fmalar\u0131 denetledi. Kriz masas\u0131na gelen telefonlara da bakan G\u00fcltak, vatanda\u015flar\u0131n taleplerini dinledi, \u00f6zellikle soka\u011fa \u00e7\u0131kmamalar\u0131 konusunda hassas davranmalar\u0131n\u0131 istedi.\u00a0<br \/>\nG\u00fcltak, soka\u011fa \u00e7\u0131kma yasa\u011f\u0131n\u0131n ba\u015flad\u0131\u011f\u0131 11 Nisan Cumartesi g\u00fcn\u00fcnden itibaren Akdeniz\u2019e ba\u011fl\u0131 t\u00fcm muhtarl\u0131klara 10 bin ekmek teslim ettiklerini, pazar g\u00fcn\u00fc 10 bin ekme\u011fin daha da\u011f\u0131t\u0131ld\u0131\u011f\u0131n\u0131 belirtti. G\u00fcltak, uzak k\u0131rsal mahallelerde ya\u015fayan vatanda\u015flardan gelecek talep halinde ekmek say\u0131s\u0131n\u0131 artt\u0131racaklar\u0131n\u0131 s\u00f6yledi.\u00a0<br \/>\n20 bin ekmek paketlendi, yan\u0131na gazeteler de eklendi\u00a0<br \/>\nSoka\u011fa \u00e7\u0131kma yasa\u011f\u0131 nedeniyle, insanlar\u0131n okumalar\u0131 i\u00e7in bine yak\u0131n g\u00fcnl\u00fck gazete de da\u011f\u0131tt\u0131klar\u0131n\u0131 belirten G\u00fcltak, \u201cSoka\u011fa \u00e7\u0131kma yasa\u011f\u0131n\u0131n ilan\u0131ndan itibaren zab\u0131ta m\u00fcd\u00fcrl\u00fc\u011f\u00fcm\u00fcz ve di\u011fer birimler olarak topland\u0131k, teyakkuz haline ge\u00e7tik. Soka\u011fa \u00e7\u0131kma yasa\u011f\u0131 nedeniyle insanlar\u0131m\u0131z\u0131n ihtiya\u00e7lar\u0131 olacak. En \u00f6nemli ihtiyac\u0131n da ekmek olaca\u011f\u0131ndan hareketle, 20 bin ekme\u011fi paketledik ve 65 mahallemizin muhtarlar\u0131na ula\u015ft\u0131rd\u0131k. Muhtarlar\u0131m\u0131z\u0131n bize g\u00f6nderdi\u011fi liste do\u011frultusunda da sabah ve ak\u015fam olmak \u00fczere haz\u0131rlad\u0131\u011f\u0131m\u0131z t\u00fcm ekmekleri insanlar\u0131m\u0131za ula\u015ft\u0131rd\u0131k&#8221; dedi.\u00a0<br \/>\n\u201cMaske \u00fcreten ilk belediyelerden biriyiz\u201d\u00a0<br \/>\n\u201cSalg\u0131nla m\u00fccadele kapsam\u0131nda, T\u00fcrkiye\u2019de ilk maske \u00fcreten belediyelerin ba\u015f\u0131nda geliyoruz\u201d diyen G\u00fcltak, belediyeye ba\u011fl\u0131 mahalle evlerinde g\u00fcnl\u00fck \u00fccretle istihdam edilen 30 kad\u0131n\u0131n, g\u00fcnl\u00fck 5 bin adet maske \u00fcretmeye devam etti\u011fini belirtti. Ayr\u0131ca, g\u00f6n\u00fcll\u00fc 2 kad\u0131n kooperatifine ba\u011fl\u0131 \u00e7al\u0131\u015fan 20 kad\u0131n\u0131n da maske \u00fcretti\u011fini kaydeden G\u00fcltak, \u00fcretilen bu t\u0131bbi maskelerin bin adedinin sahada \u00e7al\u0131\u015fan belediye ekiplerine, kalan 4 bini a\u015fk\u0131n maskenin de \u0130l Sa\u011fl\u0131k M\u00fcd\u00fcrl\u00fc\u011f\u00fcne teslim edildi\u011fini s\u00f6yledi.\u00a0<br \/>\nAkdeniz Belediyesi, salg\u0131na kar\u015f\u0131 seferberlik halinde \u00e7al\u0131\u015f\u0131yor\u00a0<br \/>\nAkdeniz Belediyesi\u2019nin, salg\u0131nla m\u00fccadele kapsam\u0131nda yapt\u0131\u011f\u0131 \u00e7al\u0131\u015fmalar\u0131 da \u00f6zetleyen G\u00fcltak, okul, cami, sa\u011fl\u0131k ocaklar\u0131 ve eczaneler, i\u015fyerleri, depo ve antrepolar, liman, hal, bal\u0131k\u00e7\u0131 bar\u0131naklar\u0131n\u0131n ila\u00e7la dezenfekte edildi\u011fini, bu y\u00f6ndeki \u00e7al\u0131\u015fmalar\u0131n s\u00fcrd\u00fc\u011f\u00fcn\u00fc belirtti. Araz\u00f6zler yard\u0131m\u0131yla cadde ve sokaklar\u0131n ila\u00e7land\u0131\u011f\u0131n\u0131 da anlatan G\u00fcltak, ayr\u0131ca vatanda\u015flara 30 bin \u015fi\u015fe dezenfektan jel da\u011f\u0131tt\u0131klar\u0131n\u0131, semt pazarlar\u0131n\u0131n giri\u015fine dezenfektan noktas\u0131 kurduklar\u0131n\u0131, buralarda ayr\u0131ca maske ve eldiven da\u011f\u0131tt\u0131klar\u0131n\u0131 kaydetti.\u00a0<br \/>\nG\u00fcnl\u00fck bin 500 haneye yemek, 350 aileye g\u0131da kolisi ula\u015ft\u0131r\u0131l\u0131yor\u00a0<br \/>\nVefa Sosyal Destek Grubunun bir bile\u015feni olarak, valilik ve kaymakaml\u0131k ile koordineli \u00e7al\u0131\u015ft\u0131klar\u0131n\u0131 dile getiren G\u00fcltak, maske ve dezenfektan da\u011f\u0131t\u0131m\u0131na devam edeceklerini s\u00f6yledi. \u0130htiya\u00e7 sahibi insanlara g\u00fcnl\u00fck ortalama 350 g\u0131da paketi, bin 500 haneye de yemek ula\u015ft\u0131rd\u0131klar\u0131n\u0131 ifade eden G\u00fcltak, korona vir\u00fcs ile m\u00fccadelede sosyal mesafenin korunmas\u0131 ve hijyen kurallar\u0131na uyulmas\u0131n\u0131n \u00f6nemine de dikkat \u00e7ekti. Ba\u015fkan G\u00fcltak, t\u00fcm \u00fclkede oldu\u011fu gibi Mersin\u2019de de korona vir\u00fcs salg\u0131n\u0131 ile m\u00fccadelenin ba\u015flad\u0131\u011f\u0131 ilk g\u00fcnden itibaren b\u00fcy\u00fck bir \u00f6zveri ve fedak\u00e2rl\u0131kla \u00e7al\u0131\u015fan belediye ekiplerine de emeklerinden dolay\u0131 te\u015fekk\u00fcr etti.\u00a0<\/p>\n","protected":false},"excerpt":{"rendered":"<p>\u00a0Mersin&#8217;in merkez il\u00e7e Akdeniz Belediyesi, soka\u011fa \u00e7\u0131kma yasa\u011f\u0131 s\u00fcrecinde 20 bin ekmek da\u011f\u0131tt\u0131.\u00a0 Akdeniz Belediye Ba\u015fkan\u0131 Mustafa G\u00fcltak, korona vir\u00fcs salg\u0131n\u0131na kar\u015f\u0131 kurulan kriz masas\u0131n\u0131 ziyaret etti, \u00e7al\u0131\u015fmalar\u0131 denetledi. Kriz &hellip; <a href=\"https:\/\/mersinekonomipolitikagazetesi.com\/?p=6516\" class=\"more-link\">Devam\u0131n\u0131 Oku&#8230;<\/a><\/p>\n","protected":false},"author":1,"featured_media":0,"comment_status":"open","ping_status":"open","sticky":false,"template":"","format":"standard","meta":[],"categories":[],"tags":[],"_links":{"self":[{"href":"https:\/\/mersinekonomipolitikagazetesi.com\/index.php?rest_route=\/wp\/v2\/posts\/6516"}],"collection":[{"href":"https:\/\/mersinekonomipolitikagazetesi.com\/index.php?rest_route=\/wp\/v2\/posts"}],"about":[{"href":"https:\/\/mersinekonomipolitikagazetesi.com\/index.php?rest_route=\/wp\/v2\/types\/post"}],"author":[{"embeddable":true,"href":"https:\/\/mersinekonomipolitikagazetesi.com\/index.php?rest_route=\/wp\/v2\/users\/1"}],"replies":[{"embeddable":true,"href":"https:\/\/mersinekonomipolitikagazetesi.com\/index.php?rest_route=%2Fwp%2Fv2%2Fcomments&post=6516"}],"version-history":[{"count":0,"href":"https:\/\/mersinekonomipolitikagazetesi.com\/index.php?rest_route=\/wp\/v2\/posts\/6516\/revisions"}],"wp:attachment":[{"href":"https:\/\/mersinekonomipolitikagazetesi.com\/index.php?rest_route=%2Fwp%2Fv2%2Fmedia&parent=6516"}],"wp:term":[{"taxonomy":"category","embeddable":true,"href":"https:\/\/mersinekonomipolitikagazetesi.com\/index.php?rest_route=%2Fwp%2Fv2%2Fcategories&post=6516"},{"taxonomy":"post_tag","embeddable":true,"href":"https:\/\/mersinekonomipolitikagazetesi.com\/index.php?rest_route=%2Fwp%2Fv2%2Ftags&post=6516"}],"curies":[{"name":"wp","href":"https:\/\/api.w.org\/{rel}","templated":true}]}}