{"id":6517,"date":"2020-11-04T18:27:01","date_gmt":"2020-11-04T15:27:01","guid":{"rendered":"http:\/\/mersinekonomipolitikagazetesi.com\/?p=6517"},"modified":"2020-11-04T18:27:01","modified_gmt":"2020-11-04T15:27:01","slug":"uretici-limon-ihracatinin-acilmasini-bekliyor","status":"publish","type":"post","link":"https:\/\/mersinekonomipolitikagazetesi.com\/?p=6517","title":{"rendered":"\u00dcretici limon ihracat\u0131n\u0131n a\u00e7\u0131lmas\u0131n\u0131 bekliyor"},"content":{"rendered":"<p><span style=\"line-height: 1.6em;\">Erdemli Ziraat Odas\u0131 Ba\u015fkan\u0131 Rasim \u015eahin, halen a\u011fa\u00e7larda hasat edilmeyi bekleyen limonlar\u0131n bulundu\u011funu ve yakla\u015f\u0131k 200 bin ton limonun \u00e7\u00fcr\u00fcme tehlikesiyle kar\u015f\u0131 kar\u015f\u0131ya oldu\u011funu s\u00f6yledi. \u015eahin, ihracat kap\u0131lar\u0131n\u0131n biran \u00f6nce a\u00e7\u0131lmas\u0131 gerekti\u011fini s\u00f6yledi.\u00a0<\/span><\/p>\n<p>Oda meclis \u00fcyeleriyle birlikte hasad\u0131 bekleyen bah\u00e7elerde incelemelerde bulunan \u015eahin, gerek i\u00e7 piyasaya gerekse ihracata yetecek kadar limonun mevcut oldu\u011funa de\u011finerek, &#8220;Erdemli ve di\u011fer b\u00f6lgelerde yeteri kadar limon mevcuttur. Erdemli i\u00e7inde ve di\u011fer b\u00f6lgelerde 180 ila 200 bin ton civar\u0131nda yatak ve dinlenme dedi\u011fimiz limonlar mevcuttur. Dolay\u0131s\u0131yla hem \u00fclkemize yetecek hem de ihra\u00e7 edecek \u00fcr\u00fcn elimizde vard\u0131r. Biz \u00fcreticiler olarak, ihracat\u00e7\u0131lar olarak limonun ihracat\u0131n\u0131n a\u00e7\u0131lmas\u0131n\u0131 talep ediyoruz&#8221; dedi.\u00a0<br \/>\n&#8220;\u00c7ift\u00e7ilerin el eme\u011fi g\u00f6z nuru olan, i\u015fledikleri, dinlenmeye ald\u0131klar\u0131 bu limon bir iki ay i\u00e7inde ihra\u00e7 edilmez ise ellerinde \u00e7\u00fcr\u00fcyece\u011fini belirtmek isterim&#8221; diyen \u015eahin, &#8220;Gerek Tar\u0131m ve Orman Bakanl\u0131\u011f\u0131m\u0131za, gerekse ilgili t\u00fcm birimlere duyurmak isterim. Erdemli b\u00f6lgemizde Ticaret Bakanl\u0131\u011f\u0131 taraf\u0131ndan bir denetim yap\u0131lmaktad\u0131r. Bu denetimler sayesinde \u00e7ift\u00e7ilerimizin ellerindeki, mevcut depolar\u0131ndaki \u00fcr\u00fcnlerin bildirilme konusunda bir gayret sarf etmekteyiz. Bug\u00fcnlerde sonu\u00e7land\u0131raca\u011f\u0131z. Erdemli&#8217;de ve di\u011fer b\u00f6lgelerde limonun var oldu\u011funu ispat edece\u011fiz&#8221; diye konu\u015ftu.\u00a0<\/p>\n<p>&#8220;Firmalar\u0131n etkilenmesinin yans\u0131mas\u0131 \u00e7ift\u00e7ilere olacak&#8221;\u00a0<br \/>\nOdan\u0131n Meclis Ba\u015fkan\u0131 A\u015fk\u0131n \u015eahin&#8217;de, &#8220;Limonun ba\u015fkenti Erdemli&#8217;de dal limonun fiyat\u0131 3,5 ila 4 lira. Dinlenme limonlar ise 5 ila 5.5 lira aras\u0131nda sat\u0131lmaktad\u0131r. Yaln\u0131z biz ak\u015fam haberlerini izlerken marketlerde limonun 12 lira, 15 lira, 20 lira oldu\u011funu s\u00f6yl\u00fcyorlar. Bunu hi\u00e7bir t\u00fcketici \u00e7ift\u00e7imize mal etmesin. \u0130nsanlar \u00fcr\u00fcnleri bozulmadan bir fiyata satacak. Bunu zaman g\u00f6sterecek. Ama ihracat\u0131n biran \u00f6nce a\u00e7\u0131lmas\u0131 gerekiyor. \u00c7\u00fcnk\u00fc yurt d\u0131\u015f\u0131 ile anla\u015fmal\u0131 firmalar bu i\u015ften b\u00fcy\u00fck zarar edecekler. Firmalar\u0131n etkilenmesinin yans\u0131mas\u0131 ise \u00e7ift\u00e7ilere olacak&#8221; \u015feklinde konu\u015ftu.\u00a0<br \/>\n\u00c7ift\u00e7iler ise limonun ellerinde kald\u0131\u011f\u0131n\u0131 belirterek, ihracat\u0131n a\u00e7\u0131lmas\u0131 gerekti\u011fini dile getirdi.\u00a0<\/p>\n","protected":false},"excerpt":{"rendered":"<p>Erdemli Ziraat Odas\u0131 Ba\u015fkan\u0131 Rasim \u015eahin, halen a\u011fa\u00e7larda hasat edilmeyi bekleyen limonlar\u0131n bulundu\u011funu ve yakla\u015f\u0131k 200 bin ton limonun \u00e7\u00fcr\u00fcme tehlikesiyle kar\u015f\u0131 kar\u015f\u0131ya oldu\u011funu s\u00f6yledi. \u015eahin, ihracat kap\u0131lar\u0131n\u0131n biran \u00f6nce &hellip; <a href=\"https:\/\/mersinekonomipolitikagazetesi.com\/?p=6517\" class=\"more-link\">Devam\u0131n\u0131 Oku&#8230;<\/a><\/p>\n","protected":false},"author":1,"featured_media":0,"comment_status":"open","ping_status":"open","sticky":false,"template":"","format":"standard","meta":[],"categories":[],"tags":[],"_links":{"self":[{"href":"https:\/\/mersinekonomipolitikagazetesi.com\/index.php?rest_route=\/wp\/v2\/posts\/6517"}],"collection":[{"href":"https:\/\/mersinekonomipolitikagazetesi.com\/index.php?rest_route=\/wp\/v2\/posts"}],"about":[{"href":"https:\/\/mersinekonomipolitikagazetesi.com\/index.php?rest_route=\/wp\/v2\/types\/post"}],"author":[{"embeddable":true,"href":"https:\/\/mersinekonomipolitikagazetesi.com\/index.php?rest_route=\/wp\/v2\/users\/1"}],"replies":[{"embeddable":true,"href":"https:\/\/mersinekonomipolitikagazetesi.com\/index.php?rest_route=%2Fwp%2Fv2%2Fcomments&post=6517"}],"version-history":[{"count":0,"href":"https:\/\/mersinekonomipolitikagazetesi.com\/index.php?rest_route=\/wp\/v2\/posts\/6517\/revisions"}],"wp:attachment":[{"href":"https:\/\/mersinekonomipolitikagazetesi.com\/index.php?rest_route=%2Fwp%2Fv2%2Fmedia&parent=6517"}],"wp:term":[{"taxonomy":"category","embeddable":true,"href":"https:\/\/mersinekonomipolitikagazetesi.com\/index.php?rest_route=%2Fwp%2Fv2%2Fcategories&post=6517"},{"taxonomy":"post_tag","embeddable":true,"href":"https:\/\/mersinekonomipolitikagazetesi.com\/index.php?rest_route=%2Fwp%2Fv2%2Ftags&post=6517"}],"curies":[{"name":"wp","href":"https:\/\/api.w.org\/{rel}","templated":true}]}}