{"id":6519,"date":"2020-11-04T18:27:01","date_gmt":"2020-11-04T15:27:01","guid":{"rendered":"http:\/\/mersinekonomipolitikagazetesi.com\/?p=6519"},"modified":"2020-11-04T18:27:01","modified_gmt":"2020-11-04T15:27:01","slug":"mersinli-veteriner-hekimden-covid-19-mucadelesinde-dezenfektan-onerisi","status":"publish","type":"post","link":"https:\/\/mersinekonomipolitikagazetesi.com\/?p=6519","title":{"rendered":"Mersinli veteriner hekimden Covid-19 m\u00fccadelesinde dezenfektan \u00f6nerisi"},"content":{"rendered":"<p>Mersinli veteriner hekim ve ila\u00e7lama \u015firketi sahibi \u00dcm\u00fct \u00c7ift\u00e7i, korona vir\u00fcs nedeniyle evlerde yapt\u0131\u011f\u0131 dezenfekte \u00e7al\u0131\u015fmalar\u0131nda kulland\u0131\u011f\u0131 ila\u00e7 kar\u0131\u015f\u0131m\u0131n\u0131n, vir\u00fcs\u00fcn etkilerini k\u0131rd\u0131\u011f\u0131n\u0131 \u00f6ne s\u00fcrd\u00fc. Vir\u00fcs nedeniyle hastal\u0131k belirtisi g\u00f6steren 3 ki\u015finin evinde yapt\u0131\u011f\u0131 dezenfekte i\u015fleminden 48 saat sonra belirtilerin kayboldu\u011funu belirten \u00c7ift\u00e7i, Sa\u011fl\u0131k Bakanl\u0131\u011f\u0131n\u0131n bu ilac\u0131 de\u011ferlendirebilece\u011fi \u00f6nerisinde bulundu.\u00a0<br \/>\n\u00a0 Mersin\u2019de 25 y\u0131ld\u0131r veteriner hekimlik yapan \u00dcm\u00fct \u00c7ift\u00e7i, son y\u0131llarda kurdu\u011fu ila\u00e7lama \u015firketi ile dezenfekte hizmeti vermeye de ba\u015flad\u0131. \u00c7ift\u00e7i, t\u00fcm d\u00fcnyay\u0131 etkisi alt\u0131na korona vir\u00fcs (Covid-19) salg\u0131n\u0131 sonras\u0131nda, ev ve i\u015f yerlerinde talep \u00fczerine ila\u00e7lama yapmaya ba\u015flad\u0131. Bu ila\u00e7lamalar s\u0131ras\u0131nda kar\u015f\u0131la\u015ft\u0131\u011f\u0131 hastal\u0131k belirtisi g\u00f6steren 3 ki\u015finin evlerinde yapt\u0131\u011f\u0131 dezenfeksiyon i\u015fleminin ard\u0131ndan belirtilerin yok oldu\u011funu g\u00f6ren \u00c7ift\u00e7i, oranlar\u0131n\u0131 kendisinin ayarlad\u0131\u011f\u0131 ilac\u0131n, korona vir\u00fcs\u00fcn etkisini k\u0131rd\u0131\u011f\u0131n\u0131 ileri s\u00fcrd\u00fc.\u00a0<br \/>\n\u00a0<br \/>\n\u00a0 \u201cHastal\u0131k belirtisi g\u00f6steren 3 ki\u015fi h\u0131zla iyile\u015fti\u201d\u00a0<br \/>\n\u00a0 \u00c7ift\u00e7i, \u0130HA muhabirine yapt\u0131\u011f\u0131 a\u00e7\u0131klamada, Mersin halk\u0131ndan 11 Mart\u2019tan itibaren yo\u011fun \u015fekilde dezenfeksiyon talebi geldi\u011fini s\u00f6yledi. Dezenfeksiyonda kulland\u0131klar\u0131n\u0131 kimyasal maddelerin Sa\u011fl\u0131k Bakanl\u0131\u011f\u0131ndan ruhsatl\u0131 dezenfektanlar oldu\u011funu kaydeden \u00c7ift\u00e7i, \u201cBu ila\u00e7lardan biz bir kar\u0131\u015f\u0131m elde ediyoruz. Bu kar\u0131\u015f\u0131mla sisleme y\u00f6ntemiyle ila\u00e7lama yap\u0131yoruz. Bu ila\u00e7lamalar s\u0131ras\u0131nda 3 ki\u015fide korona vir\u00fcs tablosu olan y\u00fcksek ate\u015f, \u00f6ks\u00fcr\u00fck belirtileri g\u00f6rd\u00fck. Dezenfeksiyondan 48 saat sonra \u00e7ok h\u0131zl\u0131 bir \u015fekilde iyile\u015ftikleri haberini ald\u0131m. Hastalardan biri de \u00fcniversite \u00f6\u011frencisi kom\u015fumdu. H\u0131zl\u0131 \u015fekilde iyile\u015fme olunca, dezenfeksiyon yap\u0131lan ortamda kulland\u0131\u011f\u0131m\u0131z dezenfektanlar\u0131n bu hastal\u0131\u011f\u0131n durdurulmas\u0131nda, hastan\u0131n iyile\u015fmesinde etkili oldu\u011funu d\u00fc\u015f\u00fcn\u00fcyorum. Ben veteriner hekimim, be\u015feri hekim de\u011filim, onlar\u0131n g\u00f6rev alanlar\u0131na girmem do\u011fru olmaz ama hayvan sa\u011fl\u0131\u011f\u0131nda kulland\u0131\u011f\u0131m\u0131z bu dezenfektanlar tedaviyi \u00e7ok g\u00fc\u00e7l\u00fc \u015fekilde destekliyor ve iyile\u015fmeyi \u00e7ok h\u0131zland\u0131r\u0131yor. Bu \u00e7er\u00e7eveden olaya bakt\u0131m. Bu s\u00f6ylediklerim bir tavsiye niteli\u011finde. Bilim Kurulu, bu ilac\u0131n fayda-zarar analizini yapabilir. Dolay\u0131s\u0131yla bu ila\u00e7 tart\u0131\u015fmaya a\u00e7\u0131labilir. Korona vir\u00fcs m\u00fccadelesinde yeni bir katk\u0131 sunabilirim belki diye d\u00fc\u015f\u00fcn\u00fcyorum\u201d dedi.\u00a0<br \/>\n\u00a0<br \/>\n\u00a0 \u201cVir\u00fcs\u00fcn hastal\u0131k yapma kabiliyetinin azald\u0131\u011f\u0131n\u0131 d\u00fc\u015f\u00fcn\u00fcyorum\u201c\u00a0<br \/>\n\u00a0 \u0130la\u00e7 uygulad\u0131klar\u0131 yerlerde, havadaki ilac\u0131n mikropartik\u00fcl baz\u0131nda belli bir s\u00fcre ask\u0131da kald\u0131\u011f\u0131 bilgisini veren \u00c7ift\u00e7i, \u201cBu ila\u00e7, ki\u015fi taraf\u0131ndan solundu\u011fu takdirde dezenfektan etken maddeler \u00fcst solunum yoluyla v\u00fccuda giriyor ve bana g\u00f6re vir\u00fcsle kar\u015f\u0131la\u015f\u0131yor. Vir\u00fcs\u00fcn vir\u00fclensi d\u00fc\u015f\u00fcyor. Vir\u00fcs\u00fcn hastal\u0131k yapma kabiliyetinin azald\u0131\u011f\u0131n\u0131 d\u00fc\u015f\u00fcn\u00fcyorum\u201d\u00a0 diye konu\u015ftu.\u00a0<br \/>\n\u00a0 Sa\u011fl\u0131k Bakanl\u0131\u011f\u0131n\u0131n, bu ilac\u0131n uygulamas\u0131n\u0131, hastanelerde tedaviye al\u0131nan hastalar\u0131n bulundu\u011fu ortamlarda uygulayabilece\u011fi \u00f6nerisinde bulunan \u00c7ift\u00e7i, \u201cBu ila\u00e7, bizim \u00fcretti\u011fimiz bir ila\u00e7 de\u011fil, Sa\u011fl\u0131k Bakanl\u0131\u011f\u0131n\u0131n onaylad\u0131\u011f\u0131 bir ila\u00e7. Biz sadece form\u00fclasyonuna, oran\u0131na karar veriyoruz. O y\u00f6nde inisiyatif bana aittir. Korona m\u00fccadelesinde hijyen-izolasyon-dezenfeksiyon zinciri \u00e7ok \u00f6nemli. E\u011fer dezenfeksiyon eksik kal\u0131rsa korona m\u00fccadelenin eksik kalaca\u011f\u0131n\u0131 d\u00fc\u015f\u00fcn\u00fcyorum. O y\u00fczden yetkili ve insan sa\u011fl\u0131\u011f\u0131na en az zararl\u0131, en \u00e7ok faydal\u0131 dezenfektanlar\u0131n uygulanmas\u0131 taraftar\u0131y\u0131m. Bir veteriner hekim olarak \u015funlar\u0131 s\u00f6yleyebilirim; dezenfektanlar bulunduklar\u0131 ortamlarda, \u00f6rne\u011fin \u00e7iftliklerde, a\u011f\u0131llarda \u015fap hastal\u0131\u011f\u0131, akci\u011fer hastal\u0131klar\u0131na sebep olan adenovir\u00fcsler gibi vir\u00fcslerle m\u00fccadelede hem hastal\u0131\u011f\u0131 durduruyor hem de iyile\u015fmeyi \u00e7ok h\u0131zland\u0131r\u0131yor\u201d ifadelerini kulland\u0131.\u00a0<br \/>\n\u00a0<br \/>\n\u00a0 \u201cHastanelerde kullan\u0131l\u0131rsa iyile\u015fmeyi h\u0131zland\u0131rabilir\u201d\u00a0<\/p>\n<p>\n\u00a0 A\u015f\u0131 \u00e7al\u0131\u015fmalar\u0131n\u0131n tamamlanmas\u0131n\u0131n s\u00fcre alaca\u011f\u0131n\u0131 ve hastal\u0131\u011f\u0131n toplumda olu\u015fturdu\u011fu tahribat\u0131n derinle\u015fece\u011fini vurgulayan \u00c7ift\u00e7i, bu nedenle bu s\u00fcre\u00e7te dezenfeksiyonun \u00e7ok \u00f6nemli oldu\u011funu s\u00f6yledi. \u00d6zellikle ya\u015fanan yerlerin ve havan\u0131n dezenfekte edilmesi gerekti\u011fini dile getiren \u00c7ift\u00e7i, kar\u0131\u015f\u0131m\u0131n\u0131 haz\u0131rlad\u0131\u011f\u0131 ila\u00e7la ilgili \u015fu \u00f6neride bulundu:\u00a0<br \/>\n\u00a0 \u201cYa\u015fam ortamlar\u0131 dezenfekte edildi\u011fi takdirde hem hastal\u0131kla kar\u015f\u0131la\u015fma riski azalacakt\u0131r hem de riskle kar\u015f\u0131la\u015f\u0131ld\u0131\u011f\u0131nda hastal\u0131k daha yava\u015f ilerleyecektir. \u00c7\u00fcnk\u00fc bu hastal\u0131k h\u0131zl\u0131 yay\u0131l\u0131yor, yava\u015f \u00f6ld\u00fcr\u00fcyor. Bizim dezenfekte etti\u011fimiz ila\u00e7, e\u011fer o ortamda vir\u00fcs varsa bu vir\u00fcs\u00fc k\u0131r\u0131yor, \u00f6ld\u00fcr\u00fcyor. Dolay\u0131s\u0131yla Sa\u011fl\u0131k Bakanl\u0131\u011f\u0131n\u0131n, Bilim Kurulunun, bu ilac\u0131n hastanelerde yatan hastalar\u0131n bulundu\u011fu b\u00f6l\u00fcmde kullanarak iyile\u015fmeyi h\u0131zland\u0131rabileceklerini d\u00fc\u015f\u00fcn\u00fcyorum. Bunun fayda ve zarar\u0131n\u0131 kendileri de\u011ferlendirecek, ben sadece tavsiye niteli\u011finde s\u00f6yl\u00fcyorum. G\u00f6rd\u00fc\u011f\u00fcm olaylardan yola \u00e7\u0131karak vatanda\u015fl\u0131k bilinciyle bir sorumluluk olarak ifade ediyorum. Bir katk\u0131m\u0131z olursa ne mutlu bize.\u201d\u00a0<\/p>\n","protected":false},"excerpt":{"rendered":"<p>Mersinli veteriner hekim ve ila\u00e7lama \u015firketi sahibi \u00dcm\u00fct \u00c7ift\u00e7i, korona vir\u00fcs nedeniyle evlerde yapt\u0131\u011f\u0131 dezenfekte \u00e7al\u0131\u015fmalar\u0131nda kulland\u0131\u011f\u0131 ila\u00e7 kar\u0131\u015f\u0131m\u0131n\u0131n, vir\u00fcs\u00fcn etkilerini k\u0131rd\u0131\u011f\u0131n\u0131 \u00f6ne s\u00fcrd\u00fc. Vir\u00fcs nedeniyle hastal\u0131k belirtisi g\u00f6steren 3 &hellip; <a href=\"https:\/\/mersinekonomipolitikagazetesi.com\/?p=6519\" class=\"more-link\">Devam\u0131n\u0131 Oku&#8230;<\/a><\/p>\n","protected":false},"author":1,"featured_media":0,"comment_status":"open","ping_status":"open","sticky":false,"template":"","format":"standard","meta":[],"categories":[],"tags":[],"_links":{"self":[{"href":"https:\/\/mersinekonomipolitikagazetesi.com\/index.php?rest_route=\/wp\/v2\/posts\/6519"}],"collection":[{"href":"https:\/\/mersinekonomipolitikagazetesi.com\/index.php?rest_route=\/wp\/v2\/posts"}],"about":[{"href":"https:\/\/mersinekonomipolitikagazetesi.com\/index.php?rest_route=\/wp\/v2\/types\/post"}],"author":[{"embeddable":true,"href":"https:\/\/mersinekonomipolitikagazetesi.com\/index.php?rest_route=\/wp\/v2\/users\/1"}],"replies":[{"embeddable":true,"href":"https:\/\/mersinekonomipolitikagazetesi.com\/index.php?rest_route=%2Fwp%2Fv2%2Fcomments&post=6519"}],"version-history":[{"count":0,"href":"https:\/\/mersinekonomipolitikagazetesi.com\/index.php?rest_route=\/wp\/v2\/posts\/6519\/revisions"}],"wp:attachment":[{"href":"https:\/\/mersinekonomipolitikagazetesi.com\/index.php?rest_route=%2Fwp%2Fv2%2Fmedia&parent=6519"}],"wp:term":[{"taxonomy":"category","embeddable":true,"href":"https:\/\/mersinekonomipolitikagazetesi.com\/index.php?rest_route=%2Fwp%2Fv2%2Fcategories&post=6519"},{"taxonomy":"post_tag","embeddable":true,"href":"https:\/\/mersinekonomipolitikagazetesi.com\/index.php?rest_route=%2Fwp%2Fv2%2Ftags&post=6519"}],"curies":[{"name":"wp","href":"https:\/\/api.w.org\/{rel}","templated":true}]}}