{"id":6533,"date":"2020-11-04T18:27:02","date_gmt":"2020-11-04T15:27:02","guid":{"rendered":"http:\/\/mersinekonomipolitikagazetesi.com\/?p=6533"},"modified":"2020-11-04T18:27:02","modified_gmt":"2020-11-04T15:27:02","slug":"erdemli-belediyesinden-vatandaslara-ucretsiz-maske-dagitimi","status":"publish","type":"post","link":"https:\/\/mersinekonomipolitikagazetesi.com\/?p=6533","title":{"rendered":"Erdemli Belediyesi&#8217;nden vatanda\u015flara \u00fccretsiz maske da\u011f\u0131t\u0131m\u0131"},"content":{"rendered":"<p><span style=\"line-height: 1.6em;\">Mersin&#8217;in Erdemli il\u00e7e Belediyesi, korona vir\u00fcs (Kovid-19) salg\u0131n\u0131na kar\u015f\u0131 tedbirler kapsam\u0131nda vatanda\u015flara \u00fccretsiz maske da\u011f\u0131tmaya ba\u015flad\u0131.\u00a0<\/span><\/p>\n<p>Kovid-19 salg\u0131n\u0131 sonras\u0131 dezenfeksiyon \u00e7al\u0131\u015fmalar\u0131 ile vir\u00fcse kar\u015f\u0131 tedbir ama\u00e7l\u0131 topyekun seferberlik ba\u015flatan Erdemli Belediyesi, yeni bir hizmeti daha hayata ge\u00e7irdi. Erdemli Belediyesi, vir\u00fcsle m\u00fccadele kapsam\u0131nda a\u00e7\u0131klanan yeni \u00f6nlem \u00e7al\u0131\u015fmalar\u0131n\u0131n ard\u0131ndan, vatanda\u015fa ilk etapta da\u011f\u0131t\u0131lacak maske i\u00e7in harekete ge\u00e7ti. Ekipler, hijyen ko\u015fullar\u0131na dikkate alarak esnaf ve vatanda\u015flara \u00fccretsiz maske da\u011f\u0131tmaya ba\u015flad\u0131.\u00a0<br \/>\nKonuyla ilgili a\u00e7\u0131klama yapan Erdemli Belediye Ba\u015fkan\u0131 M\u00fckerrem Tollu, korona vir\u00fcs\u00fcne kar\u015f\u0131 tedbiri \u00fcst d\u00fczeyde tutmak gerekti\u011fini belirterek, dezenfeksiyon \u00e7al\u0131\u015fmalar\u0131na periyodik olarak devam ettiklerini, sosyal belediyecilik anlay\u0131\u015f\u0131 ile her zaman vatanda\u015f\u0131n yan\u0131nda olduklar\u0131n\u0131 s\u00f6yledi. Toplum sa\u011fl\u0131\u011f\u0131n\u0131n her zaman \u00f6ncelikleri oldu\u011funu vurgulayan Tollu, zorlu s\u00fcre\u00e7te Erdemlililerin ihtiya\u00e7lar\u0131n\u0131 gidermek ad\u0131na t\u00fcm tedbirleri ald\u0131klar\u0131n\u0131n alt\u0131n\u0131 \u00e7izdi. Tollu, &#8220;Korona vir\u00fcs salg\u0131n\u0131n\u0131 \u00f6nlemek ad\u0131na her t\u00fcrl\u00fc \u00e7al\u0131\u015fmay\u0131 belediye olarak ger\u00e7ekle\u015ftiriyoruz. Korona vir\u00fcsle m\u00fccadele kapsam\u0131nda ald\u0131\u011f\u0131m\u0131z tedbirlere bir yenisini daha ekledik. Maske temininde sorun ya\u015fayan ve zorunlu olarak evlerinden \u00e7\u0131kmak durumunda olan vatanda\u015flar\u0131m\u0131z\u0131n toplu alanlarda maskesiz dola\u015fmalar\u0131n\u0131 \u00f6nlemek ve vir\u00fcs\u00fcn bula\u015fma ihtimalini d\u00fc\u015f\u00fcrmek ad\u0131na \u00f6nem arz eden maskeleri esnaflar\u0131m\u0131za ve vatanda\u015flar\u0131m\u0131za \u00fccretsiz olarak ula\u015ft\u0131r\u0131yoruz. Bu s\u00fcreci \u00e7ok dikkatli ve hijyen kurallar\u0131na uygun halde ge\u00e7irelim istiyoruz. Bu ba\u011flamda fedak\u00e2rl\u0131k yaparak bu s\u00fcrecin atlat\u0131lmas\u0131na katk\u0131 veren ve gece g\u00fcnd\u00fcz toplumun sa\u011fl\u0131\u011f\u0131 i\u00e7in mesai harcayan personellerime te\u015fekk\u00fcrlerimi iletiyorum. Amac\u0131m\u0131z; Erdemlimizde topyek\u00fbn \u00f6nlem alarak tamamen hijyenik ko\u015fullarda bir Erdemli sa\u011flamakt\u0131r. Salg\u0131n\u0131n k\u00fcresel, m\u00fccadelenin ulusal oldu\u011funu unutmayal\u0131m. L\u00fctfen zorunlu olmad\u0131k\u00e7a evlerinizden \u00e7\u0131kmay\u0131n\u0131z. Bu sorunu da yine el birli\u011fi i\u00e7inde hep birlikte a\u015faca\u011f\u0131z&#8221; dedi.\u00a0<\/p>\n","protected":false},"excerpt":{"rendered":"<p>Mersin&#8217;in Erdemli il\u00e7e Belediyesi, korona vir\u00fcs (Kovid-19) salg\u0131n\u0131na kar\u015f\u0131 tedbirler kapsam\u0131nda vatanda\u015flara \u00fccretsiz maske da\u011f\u0131tmaya ba\u015flad\u0131.\u00a0 Kovid-19 salg\u0131n\u0131 sonras\u0131 dezenfeksiyon \u00e7al\u0131\u015fmalar\u0131 ile vir\u00fcse kar\u015f\u0131 tedbir ama\u00e7l\u0131 topyekun seferberlik ba\u015flatan Erdemli &hellip; <a href=\"https:\/\/mersinekonomipolitikagazetesi.com\/?p=6533\" class=\"more-link\">Devam\u0131n\u0131 Oku&#8230;<\/a><\/p>\n","protected":false},"author":1,"featured_media":0,"comment_status":"open","ping_status":"open","sticky":false,"template":"","format":"standard","meta":[],"categories":[],"tags":[],"_links":{"self":[{"href":"https:\/\/mersinekonomipolitikagazetesi.com\/index.php?rest_route=\/wp\/v2\/posts\/6533"}],"collection":[{"href":"https:\/\/mersinekonomipolitikagazetesi.com\/index.php?rest_route=\/wp\/v2\/posts"}],"about":[{"href":"https:\/\/mersinekonomipolitikagazetesi.com\/index.php?rest_route=\/wp\/v2\/types\/post"}],"author":[{"embeddable":true,"href":"https:\/\/mersinekonomipolitikagazetesi.com\/index.php?rest_route=\/wp\/v2\/users\/1"}],"replies":[{"embeddable":true,"href":"https:\/\/mersinekonomipolitikagazetesi.com\/index.php?rest_route=%2Fwp%2Fv2%2Fcomments&post=6533"}],"version-history":[{"count":0,"href":"https:\/\/mersinekonomipolitikagazetesi.com\/index.php?rest_route=\/wp\/v2\/posts\/6533\/revisions"}],"wp:attachment":[{"href":"https:\/\/mersinekonomipolitikagazetesi.com\/index.php?rest_route=%2Fwp%2Fv2%2Fmedia&parent=6533"}],"wp:term":[{"taxonomy":"category","embeddable":true,"href":"https:\/\/mersinekonomipolitikagazetesi.com\/index.php?rest_route=%2Fwp%2Fv2%2Fcategories&post=6533"},{"taxonomy":"post_tag","embeddable":true,"href":"https:\/\/mersinekonomipolitikagazetesi.com\/index.php?rest_route=%2Fwp%2Fv2%2Ftags&post=6533"}],"curies":[{"name":"wp","href":"https:\/\/api.w.org\/{rel}","templated":true}]}}