{"id":6536,"date":"2020-11-04T18:27:02","date_gmt":"2020-11-04T15:27:02","guid":{"rendered":"http:\/\/mersinekonomipolitikagazetesi.com\/?p=6536"},"modified":"2020-11-04T18:27:02","modified_gmt":"2020-11-04T15:27:02","slug":"secer-yaptigimiz-butun-calismalari-kendi-butcemizden-karsiliyoruz","status":"publish","type":"post","link":"https:\/\/mersinekonomipolitikagazetesi.com\/?p=6536","title":{"rendered":"Se\u00e7er: \u201cYapt\u0131\u011f\u0131m\u0131z b\u00fct\u00fcn \u00e7al\u0131\u015fmalar\u0131 kendi b\u00fct\u00e7emizden kar\u015f\u0131l\u0131yoruz\u201d"},"content":{"rendered":"<p><span style=\"line-height: 1.6em;\">\u00a0Mersin B\u00fcy\u00fck\u015fehir Belediye Ba\u015fkan\u0131 Vahap Se\u00e7er, t\u00fcm kaynaklar\u0131n\u0131 korona vir\u00fcs salg\u0131n\u0131yla m\u00fccadele ve sosyal destek projelerine ay\u0131rd\u0131klar\u0131n\u0131 belirterek, \u201cYapt\u0131\u011f\u0131m\u0131z b\u00fct\u00fcn \u00e7al\u0131\u015fmalar\u0131 kendi b\u00fct\u00e7emizden kar\u015f\u0131l\u0131yoruz. Elimizdeki kaynaklar\u0131 yurtta\u015flar\u0131m\u0131za maksimum d\u00fczeyde nas\u0131l ula\u015ft\u0131rabiliriz, bunun derdindeyiz\u201d dedi.\u00a0<\/span><\/p>\n<p>B\u00fcy\u00fck\u015fehir Belediye Ba\u015fkan\u0131 Se\u00e7er, iki ayr\u0131 televizyon kanal\u0131nda, korona vir\u00fcs salg\u0131n\u0131 ile m\u00fccadele kapsam\u0131nda yapt\u0131klar\u0131 \u00e7al\u0131\u015fmalar\u0131 anlatt\u0131. Ba\u015fta sa\u011fl\u0131k kurumlar\u0131 olmak \u00fczere t\u00fcm kamu kurumlar\u0131 ile belediyelerin \u00e7abas\u0131 ve vatanda\u015flar\u0131n duyarl\u0131l\u0131\u011f\u0131 sayesinde vaka say\u0131s\u0131n\u0131n en az oldu\u011fu illerin ba\u015f\u0131nda Mersin\u2019in geldi\u011fini vurgulayan Se\u00e7er, salg\u0131n s\u00fcrecinin en ba\u015f\u0131ndan bu yana t\u00fcm kurumlarla koordineli \u015fekilde \u00e7al\u0131\u015ft\u0131klar\u0131n\u0131 kaydetti. Se\u00e7er, bu s\u00fcre\u00e7te belediyelerin ba\u011f\u0131\u015f almas\u0131n\u0131n engellenmesini, soka\u011fa \u00e7\u0131kma yasa\u011f\u0131n\u0131n belediyelere \u00f6nceden bildirilmemesini yanl\u0131\u015f buldu\u011funu ve bunlar\u0131 ele\u015ftirdi\u011fini de ifade ederek, bu ele\u015ftirilerdeki amac\u0131n\u0131n polemik olmad\u0131\u011f\u0131n\u0131 vurgulad\u0131. Se\u00e7er, \u201cBizim derdimiz \u015fu an d\u00fcnyan\u0131n bo\u011fu\u015ftu\u011fu bir salg\u0131nla m\u00fccadele etmek. Vatanda\u015flar\u0131m\u0131z\u0131 bu salg\u0131ndan korumak. Onlar\u0131 selametle normal g\u00fcnlere ula\u015ft\u0131rmak. Ama \u00fcz\u00fclerek ifade edeyim, bazen al\u0131nan siyasi kararlara \u015fa\u015f\u0131r\u0131yorum ve \u00fcz\u00fcl\u00fcyorum. Ben bug\u00fcn vatanda\u015flar\u0131m\u0131n d\u00fc\u015ft\u00fc\u011f\u00fc zor durumdan onlar\u0131 nas\u0131l \u00e7\u0131kartabiliriz, onlara nas\u0131l yard\u0131mc\u0131 olabilirim, bunun \u00e7abas\u0131 i\u00e7ine d\u00fc\u015fm\u00fc\u015f\u00fcm. Belediyeler \u00e7ok zor g\u00fcnler ya\u015f\u0131yor. Ba\u011f\u0131\u015f toplayam\u0131yoruz. Yapt\u0131\u011f\u0131m\u0131z b\u00fct\u00fcn \u00e7al\u0131\u015fmalar\u0131 kendi b\u00fct\u00e7emizden kar\u015f\u0131l\u0131yoruz. B\u00fct\u00fcn faaliyetlerimizi minimize ettik. Elimizdeki kaynaklar\u0131 yurtta\u015flar\u0131m\u0131za maksimum d\u00fczeyde nas\u0131l ula\u015ft\u0131rabiliriz, bunun derdindeyiz. Bunlar\u0131 kendi imkanlar\u0131m\u0131zla yerine getiriyoruz.\u201d\u00a0<\/p>\n<p>\u201c\u0130nsanlar\u0131n ihtiya\u00e7lar\u0131n\u0131 kar\u015f\u0131lamak zorunday\u0131z\u201d\u00a0<br \/>\nSalg\u0131n nedeniyle bir\u00e7ok sosyal kesimin ekonomik durumunun bozuldu\u011funu, insanlar\u0131n g\u0131da, mama, yemek ve nakit yard\u0131m\u0131 talebiyle B\u00fcy\u00fck\u015fehir Belediyesine ba\u015fvurdu\u011funu anlatan Ba\u015fkan Se\u00e7er, \u201cY\u00f6neticiler \u00e7are bulma makamlar\u0131nda oturur. \u0130nsanlara evden \u00e7\u0131kmay\u0131n diyorsan\u0131z, onlar\u0131n ihtiya\u00e7lar\u0131n\u0131 da kar\u015f\u0131lamak zorunday\u0131z. Bu insanlar\u0131n ya\u015famlar\u0131n\u0131 devam ettirecek ihtiya\u00e7lar\u0131n\u0131 yerel y\u00f6netimler ve merkezi idare olarak e\u015fg\u00fcd\u00fcm i\u00e7inde kar\u015f\u0131lamak zorunday\u0131z\u201d diye konu\u015ftu.\u00a0<\/p>\n<p>\u201cHer t\u00fcrl\u00fc senaryoya haz\u0131r olmam\u0131z laz\u0131m\u201d\u00a0<br \/>\n\u201cBu s\u00fcrecin ne kadar devam edece\u011fini bilemiyoruz ama \u015fu bir ger\u00e7ek ki, bunun tahribat\u0131 a\u011f\u0131r olacak\u201d diyen Se\u00e7er, belediye olarak bu \u00f6nlemleri \u015fimdiden ald\u0131klar\u0131n\u0131n alt\u0131n\u0131 \u00e7izdi. Belediyenin ihalelerinin ikinci bir emre kadar iptal edildi\u011fini an\u0131msatan Se\u00e7er, \u201cYeni ihaleler durduruldu. Zaruri ihtiya\u00e7lar d\u0131\u015f\u0131nda al\u0131mlar durduruldu. Kaynaklar\u0131m\u0131z\u0131 daha \u00e7ok sosyal politikalara harcamay\u0131 esas ald\u0131k. Ekonomideki daralma bizim gelirlerimizdeki daralma demektir. Bizim \u00fc\u00e7 temel gelirimiz var. Bir tanesi genel b\u00fct\u00e7e gelirlerinden gelen pay, ikincisi \u0130ller Bankas\u0131 pay\u0131, \u00fc\u00e7\u00fcnc\u00fcs\u00fc de bizim kendi \u00f6z gelirlerimiz. B\u00fct\u00fcn bu gelirlerimizde bir gerileme olaca\u011f\u0131 \u00e7ok net, a\u015fikar. Bu sadece bizim belediyemize mahsus durum de\u011fil, b\u00fct\u00fcn belediyeler ayn\u0131 durumda. Sadece bizim \u00fclkemizde ekonomik daralma olmayacak, t\u00fcm d\u00fcnyada g\u00f6zlenen o. Dolay\u0131s\u0131yla bunu \u00f6ng\u00f6rmek laz\u0131m. Hayat\u0131n normalle\u015fti\u011fi s\u00fcre\u00e7te, hem merkezi y\u00f6netimin hem de belediyelerin art\u0131k baz\u0131 yeni kararlar almas\u0131 gerekecek. Biz de bunun haz\u0131rl\u0131\u011f\u0131n\u0131 yapt\u0131k. Her t\u00fcrl\u00fc senaryoya haz\u0131r olmam\u0131z laz\u0131m. Her t\u00fcr plan\u0131m\u0131z\u0131n olmas\u0131 gerekti\u011fini d\u00fc\u015f\u00fcn\u00fcyorum\u201d dedi.\u00a0<\/p>\n","protected":false},"excerpt":{"rendered":"<p>\u00a0Mersin B\u00fcy\u00fck\u015fehir Belediye Ba\u015fkan\u0131 Vahap Se\u00e7er, t\u00fcm kaynaklar\u0131n\u0131 korona vir\u00fcs salg\u0131n\u0131yla m\u00fccadele ve sosyal destek projelerine ay\u0131rd\u0131klar\u0131n\u0131 belirterek, \u201cYapt\u0131\u011f\u0131m\u0131z b\u00fct\u00fcn \u00e7al\u0131\u015fmalar\u0131 kendi b\u00fct\u00e7emizden kar\u015f\u0131l\u0131yoruz. Elimizdeki kaynaklar\u0131 yurtta\u015flar\u0131m\u0131za maksimum d\u00fczeyde nas\u0131l &hellip; <a href=\"https:\/\/mersinekonomipolitikagazetesi.com\/?p=6536\" class=\"more-link\">Devam\u0131n\u0131 Oku&#8230;<\/a><\/p>\n","protected":false},"author":1,"featured_media":0,"comment_status":"open","ping_status":"open","sticky":false,"template":"","format":"standard","meta":[],"categories":[],"tags":[],"_links":{"self":[{"href":"https:\/\/mersinekonomipolitikagazetesi.com\/index.php?rest_route=\/wp\/v2\/posts\/6536"}],"collection":[{"href":"https:\/\/mersinekonomipolitikagazetesi.com\/index.php?rest_route=\/wp\/v2\/posts"}],"about":[{"href":"https:\/\/mersinekonomipolitikagazetesi.com\/index.php?rest_route=\/wp\/v2\/types\/post"}],"author":[{"embeddable":true,"href":"https:\/\/mersinekonomipolitikagazetesi.com\/index.php?rest_route=\/wp\/v2\/users\/1"}],"replies":[{"embeddable":true,"href":"https:\/\/mersinekonomipolitikagazetesi.com\/index.php?rest_route=%2Fwp%2Fv2%2Fcomments&post=6536"}],"version-history":[{"count":0,"href":"https:\/\/mersinekonomipolitikagazetesi.com\/index.php?rest_route=\/wp\/v2\/posts\/6536\/revisions"}],"wp:attachment":[{"href":"https:\/\/mersinekonomipolitikagazetesi.com\/index.php?rest_route=%2Fwp%2Fv2%2Fmedia&parent=6536"}],"wp:term":[{"taxonomy":"category","embeddable":true,"href":"https:\/\/mersinekonomipolitikagazetesi.com\/index.php?rest_route=%2Fwp%2Fv2%2Fcategories&post=6536"},{"taxonomy":"post_tag","embeddable":true,"href":"https:\/\/mersinekonomipolitikagazetesi.com\/index.php?rest_route=%2Fwp%2Fv2%2Ftags&post=6536"}],"curies":[{"name":"wp","href":"https:\/\/api.w.org\/{rel}","templated":true}]}}