{"id":6537,"date":"2020-11-04T18:27:02","date_gmt":"2020-11-04T15:27:02","guid":{"rendered":"http:\/\/mersinekonomipolitikagazetesi.com\/?p=6537"},"modified":"2020-11-04T18:27:02","modified_gmt":"2020-11-04T15:27:02","slug":"akdeniz-belediyesi-korona-virus-mucadelesini-surduruyor","status":"publish","type":"post","link":"https:\/\/mersinekonomipolitikagazetesi.com\/?p=6537","title":{"rendered":"Akdeniz Belediyesi korona vir\u00fcs m\u00fccadelesini s\u00fcrd\u00fcr\u00fcyor"},"content":{"rendered":"<p><span style=\"line-height: 1.6em;\">Akdeniz Belediyesi, korona vir\u00fcs salg\u0131n\u0131 ile m\u00fccadelesine, 150 ki\u015fiden olu\u015fan mobil ekip eliyle t\u00fcm il\u00e7e genelinde ve aral\u0131ks\u0131z devam ediyor.\u00a0<\/span><\/p>\n<p>T\u00fcm d\u00fcnyaya yay\u0131larak pandemiye d\u00f6n\u00fc\u015fen, 100 bini a\u015fk\u0131n insan\u0131n \u00f6l\u00fcm\u00fcne, 1 milyonu a\u015fk\u0131n insan\u0131n da enfekte olmas\u0131na neden olan korona vir\u00fcs salg\u0131n\u0131 ile ulusal ve yerel \u00f6l\u00e7ekte m\u00fccadele devam ediyor. Salg\u0131nla m\u00fccadele kapsam\u0131nda Akdeniz Belediyesi b\u00fcnyesinde olu\u015fturulan kriz masas\u0131 yetkilileri, vatanda\u015flardan gelen talepleri alarak sahada g\u00f6revli ekiplere iletiyor. Akdeniz Vefa Sosyal Destek Grubu\u2019nda bulunan zab\u0131ta m\u00fcd\u00fcrl\u00fc\u011f\u00fc ekipleri de evden \u00e7\u0131kmalar\u0131na k\u0131s\u0131tlama getirilen ya\u015fl\u0131, engelli ve kimsesiz vatanda\u015flar ile kronik rahats\u0131zl\u0131\u011f\u0131 olan insanlar\u0131n ihtiya\u00e7lar\u0131n\u0131 temin ederek kendilerine ula\u015ft\u0131r\u0131yor.\u00a0<br \/>\nAkdeniz\u2019de ila\u00e7lanmad\u0131k yer kalmad\u0131\u00a0<br \/>\nKorona vir\u00fcs salg\u0131n\u0131yla m\u00fccadele kapsam\u0131nda, farkl\u0131 birimlerden 150 ki\u015finin yer ald\u0131\u011f\u0131 mobil ekibin, Akdeniz il\u00e7e genelinde bulunan kamu ve \u00f6zel hastaneler, sa\u011fl\u0131k ocaklar\u0131, eczaneler, PTT, banka \u015fubeleri, ATM\u2019ler ve i\u015fyerleri gibi insanlar\u0131n yo\u011fun oldu\u011fu alanlarda ila\u00e7lama \u00e7al\u0131\u015fmalar\u0131 aral\u0131ks\u0131z devam ediyor.\u00a0<br \/>\nAyr\u0131ca Akdeniz Belediyesi taraf\u0131ndan, \u015eevket S\u00fcmer Mahallesi 142. Cadde \u00fczerinde kurulan al\u0131\u015fveri\u015f pazar\u0131na gelen y\u00fczlerce vatanda\u015fa ve pazarc\u0131 esnaf\u0131na el dezenfektanlar\u0131 da da\u011f\u0131t\u0131ld\u0131. Araz\u00f6zler yard\u0131m\u0131yla cadde ve sokaklar\u0131 salg\u0131na kar\u015f\u0131 ila\u00e7lay\u0131p dezenfekte eden ekipler, di\u011fer taraftan da kentin temizli\u011fi i\u00e7in gece-g\u00fcnd\u00fcz demeden \u00e7al\u0131\u015f\u0131yor.\u00a0<br \/>\nBu kapsamda insan yo\u011funlu\u011funun g\u00f6r\u00fcld\u00fc\u011f\u00fc Bal\u0131k Pazar\u0131 ve Silifke Caddesinde dezenfekte \u00e7al\u0131\u015fmalar\u0131n\u0131n yan\u0131 s\u0131ra, araz\u00f6zler yard\u0131m\u0131yla cadde, sokak ve kald\u0131r\u0131mlar y\u0131kanarak temizlendi. Sahada g\u00f6revli mobil ekipler, \u00e7ocuk oyun gruplar\u0131 ve ye\u015fil alanlar\u0131n yan\u0131 s\u0131ra, \u00e7\u00f6p konteyn\u0131rlar\u0131n\u0131 da s\u0131k s\u0131k ila\u00e7la y\u0131kay\u0131p dezenfekte ediyor.\u00a0<\/p>\n","protected":false},"excerpt":{"rendered":"<p>Akdeniz Belediyesi, korona vir\u00fcs salg\u0131n\u0131 ile m\u00fccadelesine, 150 ki\u015fiden olu\u015fan mobil ekip eliyle t\u00fcm il\u00e7e genelinde ve aral\u0131ks\u0131z devam ediyor.\u00a0 T\u00fcm d\u00fcnyaya yay\u0131larak pandemiye d\u00f6n\u00fc\u015fen, 100 bini a\u015fk\u0131n insan\u0131n \u00f6l\u00fcm\u00fcne, &hellip; <a href=\"https:\/\/mersinekonomipolitikagazetesi.com\/?p=6537\" class=\"more-link\">Devam\u0131n\u0131 Oku&#8230;<\/a><\/p>\n","protected":false},"author":1,"featured_media":0,"comment_status":"open","ping_status":"open","sticky":false,"template":"","format":"standard","meta":[],"categories":[],"tags":[],"_links":{"self":[{"href":"https:\/\/mersinekonomipolitikagazetesi.com\/index.php?rest_route=\/wp\/v2\/posts\/6537"}],"collection":[{"href":"https:\/\/mersinekonomipolitikagazetesi.com\/index.php?rest_route=\/wp\/v2\/posts"}],"about":[{"href":"https:\/\/mersinekonomipolitikagazetesi.com\/index.php?rest_route=\/wp\/v2\/types\/post"}],"author":[{"embeddable":true,"href":"https:\/\/mersinekonomipolitikagazetesi.com\/index.php?rest_route=\/wp\/v2\/users\/1"}],"replies":[{"embeddable":true,"href":"https:\/\/mersinekonomipolitikagazetesi.com\/index.php?rest_route=%2Fwp%2Fv2%2Fcomments&post=6537"}],"version-history":[{"count":0,"href":"https:\/\/mersinekonomipolitikagazetesi.com\/index.php?rest_route=\/wp\/v2\/posts\/6537\/revisions"}],"wp:attachment":[{"href":"https:\/\/mersinekonomipolitikagazetesi.com\/index.php?rest_route=%2Fwp%2Fv2%2Fmedia&parent=6537"}],"wp:term":[{"taxonomy":"category","embeddable":true,"href":"https:\/\/mersinekonomipolitikagazetesi.com\/index.php?rest_route=%2Fwp%2Fv2%2Fcategories&post=6537"},{"taxonomy":"post_tag","embeddable":true,"href":"https:\/\/mersinekonomipolitikagazetesi.com\/index.php?rest_route=%2Fwp%2Fv2%2Ftags&post=6537"}],"curies":[{"name":"wp","href":"https:\/\/api.w.org\/{rel}","templated":true}]}}