{"id":6540,"date":"2020-11-04T18:27:02","date_gmt":"2020-11-04T15:27:02","guid":{"rendered":"http:\/\/mersinekonomipolitikagazetesi.com\/?p=6540"},"modified":"2020-11-04T18:27:02","modified_gmt":"2020-11-04T15:27:02","slug":"miniklerden-baskan-yilmaza-resimli-mesaj","status":"publish","type":"post","link":"https:\/\/mersinekonomipolitikagazetesi.com\/?p=6540","title":{"rendered":"Miniklerden Ba\u015fkan Y\u0131lmaz&#8217;a resimli mesaj"},"content":{"rendered":"<p><span style=\"line-height: 1.6em;\">Toroslar Belediyesi \u015eehit Jandarma Uzman \u00c7avu\u015f Durmu\u015f Tek Kre\u015f ve G\u00fcnd\u00fcz Bak\u0131m Evi&#8217;nin minik \u00f6\u011frencileri, Toroslar Belediye Ba\u015fkan\u0131 Ats\u0131z Af\u015f\u0131n Y\u0131lmaz&#8217;a olan sevgilerini evlerinde resmettikleri \u00e7i\u00e7eklerle g\u00f6sterdi.\u00a0<\/span><\/p>\n<p>Kovid-19 ile m\u00fccadele tedbirleri kapsam\u0131nda ge\u00e7ti\u011fimiz g\u00fcnlerde &#8216;evde kal&#8217; \u00e7a\u011fr\u0131s\u0131 yapan miniklerden bu kez de Ba\u015fkan Y\u0131lmaz&#8217;a mesaj gecikmedi. Karantina g\u00fcnlerini \u00f6\u011fretmenlerinin verdi\u011fi dersler e\u015fli\u011finde hem yararl\u0131 hem de e\u011flenceli etkinliklerle de\u011ferlendiren minikler, \u00e7izdikleri \u00e7i\u00e7ek foto\u011fraflar\u0131yla &#8220;Ats\u0131z Ba\u015fkan\u0131m bu \u00e7i\u00e7ekler sizin i\u00e7in&#8221; diyerek en simgesel sevgi mesaj\u0131n\u0131 verdiler.\u00a0<br \/>\n&#8220;\u00c7ocuklar\u0131m\u0131z\u0131n sevgisi en b\u00fcy\u00fck mutlulu\u011fumuz&#8221;\u00a0<br \/>\n\u00c7ocuklar\u0131n her f\u0131rsatta yanlar\u0131nda olan Toroslar Belediye Ba\u015fkan\u0131 Ats\u0131z Af\u015f\u0131n Y\u0131lmaz ise &#8220;Yeniden \u00e7ocuklar\u0131m\u0131zla bulu\u015faca\u011f\u0131m\u0131z g\u00fczel g\u00fcnleri iple \u00e7ekiyoruz&#8221; dedi. &#8220;\u00dclke olarak ge\u00e7irdi\u011fimiz bu zorlu s\u00fcre\u00e7te \u00e7ocuklar\u0131m\u0131z\u0131n b\u00f6yle mesajlar g\u00f6ndermesi bizlerin \u00e7al\u0131\u015fma \u015fevkini daha da g\u00fc\u00e7lendiriyor&#8221; diyen Y\u0131lmaz, &#8220;Sosyal mesafeyi korudu\u011fumuz bu s\u00fcre\u00e7te bir araya gelemesek de g\u00f6n\u00fcllerimiz bir. Belediye kre\u015fimizin \u00f6\u011frencileri de bizlere olan sevgilerini minik elleriyle \u00e7izdikleri \u00e7i\u00e7eklerle illetti. Bu g\u00fczel jestlerinden dolay\u0131 her birine ayr\u0131 ayr\u0131 te\u015fekk\u00fcr ediyor, g\u00f6zlerinden \u00f6p\u00fcyorum. Daha g\u00fczel yar\u0131nlar i\u00e7in m\u00fccadelemizi s\u00fcrd\u00fcr\u00fcyoruz. Sa\u011fl\u0131kl\u0131 bir gelecek i\u00e7in bu s\u00fcre\u00e7te evlerimizde kalal\u0131m. G\u00fcler y\u00fcz\u00fcn\u00fcz\u00fcn daim olmas\u0131n\u0131 diliyorum&#8221; ifadelerini kulland\u0131.\u00a0<\/p>\n","protected":false},"excerpt":{"rendered":"<p>Toroslar Belediyesi \u015eehit Jandarma Uzman \u00c7avu\u015f Durmu\u015f Tek Kre\u015f ve G\u00fcnd\u00fcz Bak\u0131m Evi&#8217;nin minik \u00f6\u011frencileri, Toroslar Belediye Ba\u015fkan\u0131 Ats\u0131z Af\u015f\u0131n Y\u0131lmaz&#8217;a olan sevgilerini evlerinde resmettikleri \u00e7i\u00e7eklerle g\u00f6sterdi.\u00a0 Kovid-19 ile m\u00fccadele &hellip; <a href=\"https:\/\/mersinekonomipolitikagazetesi.com\/?p=6540\" class=\"more-link\">Devam\u0131n\u0131 Oku&#8230;<\/a><\/p>\n","protected":false},"author":1,"featured_media":0,"comment_status":"open","ping_status":"open","sticky":false,"template":"","format":"standard","meta":[],"categories":[],"tags":[],"_links":{"self":[{"href":"https:\/\/mersinekonomipolitikagazetesi.com\/index.php?rest_route=\/wp\/v2\/posts\/6540"}],"collection":[{"href":"https:\/\/mersinekonomipolitikagazetesi.com\/index.php?rest_route=\/wp\/v2\/posts"}],"about":[{"href":"https:\/\/mersinekonomipolitikagazetesi.com\/index.php?rest_route=\/wp\/v2\/types\/post"}],"author":[{"embeddable":true,"href":"https:\/\/mersinekonomipolitikagazetesi.com\/index.php?rest_route=\/wp\/v2\/users\/1"}],"replies":[{"embeddable":true,"href":"https:\/\/mersinekonomipolitikagazetesi.com\/index.php?rest_route=%2Fwp%2Fv2%2Fcomments&post=6540"}],"version-history":[{"count":0,"href":"https:\/\/mersinekonomipolitikagazetesi.com\/index.php?rest_route=\/wp\/v2\/posts\/6540\/revisions"}],"wp:attachment":[{"href":"https:\/\/mersinekonomipolitikagazetesi.com\/index.php?rest_route=%2Fwp%2Fv2%2Fmedia&parent=6540"}],"wp:term":[{"taxonomy":"category","embeddable":true,"href":"https:\/\/mersinekonomipolitikagazetesi.com\/index.php?rest_route=%2Fwp%2Fv2%2Fcategories&post=6540"},{"taxonomy":"post_tag","embeddable":true,"href":"https:\/\/mersinekonomipolitikagazetesi.com\/index.php?rest_route=%2Fwp%2Fv2%2Ftags&post=6540"}],"curies":[{"name":"wp","href":"https:\/\/api.w.org\/{rel}","templated":true}]}}