{"id":6547,"date":"2020-11-04T18:27:03","date_gmt":"2020-11-04T15:27:03","guid":{"rendered":"http:\/\/mersinekonomipolitikagazetesi.com\/?p=6547"},"modified":"2020-11-04T18:27:03","modified_gmt":"2020-11-04T15:27:03","slug":"secer-mersinliler-vaka-az-diye-rehavete-kapilmasin","status":"publish","type":"post","link":"https:\/\/mersinekonomipolitikagazetesi.com\/?p=6547","title":{"rendered":"Se\u00e7er: \u201cMersinliler, vaka az diye rehavete kap\u0131lmas\u0131n\u201d"},"content":{"rendered":"<p>Mersin B\u00fcy\u00fck\u015fehir Belediye Ba\u015fkan\u0131 Vahap Se\u00e7er, Mersin\u2019de korona vir\u00fcs vaka say\u0131s\u0131n\u0131n az olmas\u0131 dolay\u0131s\u0131yla vatanda\u015flar\u0131n rehavete kap\u0131lmamalar\u0131 uyar\u0131s\u0131nda bulundu. Salg\u0131n riski ge\u00e7ene kadar Kriz Merkezine ula\u015fan her t\u00fcrl\u00fc yard\u0131m talebine kar\u015f\u0131l\u0131k vereceklerini belirten Se\u00e7er, \u201c\u0130htiya\u00e7 sahipleri bizi aras\u0131n. Her t\u00fcrl\u00fc talebe, zengin, fakir ara\u015ft\u0131rmas\u0131 yapmadan, beyan\u0131n\u0131 do\u011fru kabul ederek, iyi niyetle ula\u015fmaya \u00e7al\u0131\u015f\u0131yoruz. Ama bunu istismar etmesinler\u201d dedi.\u00a0<br \/>\n\u00a0 B\u00fcy\u00fck\u015fehir Belediye Ba\u015fkan\u0131 Se\u00e7er, kat\u0131ld\u0131\u011f\u0131 bir radyo program\u0131nda korona vir\u00fcs salg\u0131n\u0131 s\u00fcrecindeki \u00e7al\u0131\u015fmalar\u0131n\u0131 anlatt\u0131. Salg\u0131n\u0131n ba\u015f g\u00f6sterdi\u011fi g\u00fcnden bu yana \u015fehrin her bir k\u00f6\u015fesinde dezenfekte \u00e7al\u0131\u015fmalar\u0131 yapt\u0131klar\u0131n\u0131, sosyal mesafe ve temizlik ba\u015fta olmak \u00fczere salg\u0131ndan korunma y\u00f6ntemleri konusunda vatanda\u015flar\u0131 bilgilendirdiklerini ifade eden Se\u00e7er, \u015fehirdeki t\u00fcm kurumlar\u0131n uyumlu \u00e7al\u0131\u015fmas\u0131 sayesinde Mersin\u2019de salg\u0131n\u0131n fazla yay\u0131lmad\u0131\u011f\u0131n\u0131 ifade etti. Salg\u0131n nedeniyle d\u0131\u015far\u0131 \u00e7\u0131kmalar\u0131 yasaklanan 65 ya\u015f \u00fcst\u00fc kesimler ile ekonomik durumu iyice bozulan yoksul kesimlerin s\u0131cak yemekten ilaca, g\u0131da kolisinden maskeye kadar her t\u00fcrl\u00fc ihtiyac\u0131na yan\u0131t vermeye \u00e7al\u0131\u015ft\u0131klar\u0131n\u0131 belirten Se\u00e7er, Kriz Merkezinin 7\/24 \u00e7al\u0131\u015farak talepleri ald\u0131\u011f\u0131n\u0131 s\u00f6yledi.\u00a0<br \/>\n\u00a0<br \/>\n\u00a0 \u201cYard\u0131mlar\u0131 suistimal etmesinler\u201d\u00a0<\/p>\n<p>\n\u00a0 Kriz Merkezinden yard\u0131m talebinde bulunanlara seslenen Se\u00e7er, \u201c\u0130htiya\u00e7 sahipleri bizi aras\u0131n. Ba\u015f\u0131m \u00fczerine. Hi\u00e7bir laf s\u00f6z yok. Bak\u0131n her t\u00fcrl\u00fc talebe, zengin, fakir ara\u015ft\u0131rmas\u0131 yapmadan, beyan\u0131 do\u011fru kabul ederek, iyi niyetle ula\u015fmaya \u00e7al\u0131\u015f\u0131yoruz. Ama bunu suistimal etmesinler. Vars\u0131llar\u0131n yoksullara destek olma zaman\u0131d\u0131r. Birlik beraberlik zaman\u0131d\u0131r. Bizlere yak\u0131\u015fan odur. Bizim gibi ge\u00e7mi\u015fi olan, bu kadim topraklar \u00fczerinde ya\u015fayan, ac\u0131da, mutlulukta, her konuda birlik i\u00e7erisinde olmu\u015f, nice ac\u0131lar g\u00f6rm\u00fc\u015f bir halk i\u00e7in bu zorlu g\u00fcnlerde de birlik, beraberlik, dayan\u0131\u015fma \u00f6nemli diye d\u00fc\u015f\u00fcn\u00fcyorum\u201d ifadelerini kulland\u0131.\u00a0<br \/>\n\u00a0<br \/>\n\u00a0 \u201cSoka\u011fa \u00e7\u0131kma yasa\u011f\u0131na daha haz\u0131rl\u0131kl\u0131 olaca\u011f\u0131z\u201d\u00a0<\/p>\n<p>\n\u00a0 Bu hafta sonu uygulanacak olan soka\u011fa \u00e7\u0131kma yasa\u011f\u0131 \u00f6nceden ilan edildi\u011fi i\u00e7in herkesin daha bilin\u00e7li, daha tedarikli olaca\u011f\u0131n\u0131 vurgulayan Se\u00e7er, \u201cBiz de soka\u011f\u0131 \u00e7\u0131kma yasa\u011f\u0131na daha haz\u0131rl\u0131kl\u0131 olaca\u011f\u0131z. Kamu g\u00f6revlileri, tar\u0131m i\u015f\u00e7ileri, f\u0131r\u0131nc\u0131lar i\u015flerine gidecek. Bizim f\u0131r\u0131n\u0131m\u0131z da \u00e7al\u0131\u015facak. Ekmek alacak paras\u0131 olmayan insanlar bize ba\u015fvuracak, biz de bunu yerine getirece\u011fiz, yapmak zorunday\u0131z. Sosyal devlet budur. Yemek talebi, s\u00fct talebi olan vatanda\u015flar\u0131m\u0131z da bize ula\u015facak. Gelecek her talebe yan\u0131t verece\u011fiz\u201d diye konu\u015ftu.\u00a0<br \/>\n\u00a0<br \/>\n\u00a0 \u201cMersinliler, rehavete kap\u0131lmas\u0131n\u201d\u00a0<\/p>\n<p>\n\u00a0 Ba\u015fkan Se\u00e7er, Mersin\u2019deki korona vir\u00fcs vaka say\u0131s\u0131n\u0131n di\u011fer illere g\u00f6re daha az olmas\u0131n\u0131n vatanda\u015flar\u0131 rehavete d\u00fc\u015f\u00fcrmemesi, \u00f6nlemlerin elden b\u0131rak\u0131lmamas\u0131 uyar\u0131s\u0131nda da bulunarak, \u201cL\u00fctfen i\u015fi ciddiye alal\u0131m. Mersin\u2019de vaka say\u0131s\u0131 az, iller aras\u0131nda en son s\u0131raday\u0131z ama bu i\u015fin de \u015fakas\u0131 yok. Hi\u00e7 rehavete girmesinler. \u0130\u015fi ciddiye als\u0131nlar. Biliyoruz s\u0131k\u0131ld\u0131lar. Biliyoruz depresif bir durum. S\u00fcrekli ayn\u0131 ortamda kalmak, \u00f6l\u00fcm korkusu, hastal\u0131k korkusu, sayg\u0131yla kar\u015f\u0131l\u0131yorum. Ama l\u00fctfen biraz daha gayret edelim. G\u00fczel g\u00fcnler bizleri bekliyor. Kurallara l\u00fctfen riayet etsinler, evde olsunlar, m\u00fcmk\u00fcnse d\u0131\u015far\u0131 \u00e7\u0131kmas\u0131nlar, toplu ortamlarda bulunmas\u0131nlar\u201d dedi.\u00a0<\/p>\n","protected":false},"excerpt":{"rendered":"<p>Mersin B\u00fcy\u00fck\u015fehir Belediye Ba\u015fkan\u0131 Vahap Se\u00e7er, Mersin\u2019de korona vir\u00fcs vaka say\u0131s\u0131n\u0131n az olmas\u0131 dolay\u0131s\u0131yla vatanda\u015flar\u0131n rehavete kap\u0131lmamalar\u0131 uyar\u0131s\u0131nda bulundu. Salg\u0131n riski ge\u00e7ene kadar Kriz Merkezine ula\u015fan her t\u00fcrl\u00fc yard\u0131m talebine &hellip; <a href=\"https:\/\/mersinekonomipolitikagazetesi.com\/?p=6547\" class=\"more-link\">Devam\u0131n\u0131 Oku&#8230;<\/a><\/p>\n","protected":false},"author":1,"featured_media":0,"comment_status":"open","ping_status":"open","sticky":false,"template":"","format":"standard","meta":[],"categories":[],"tags":[],"_links":{"self":[{"href":"https:\/\/mersinekonomipolitikagazetesi.com\/index.php?rest_route=\/wp\/v2\/posts\/6547"}],"collection":[{"href":"https:\/\/mersinekonomipolitikagazetesi.com\/index.php?rest_route=\/wp\/v2\/posts"}],"about":[{"href":"https:\/\/mersinekonomipolitikagazetesi.com\/index.php?rest_route=\/wp\/v2\/types\/post"}],"author":[{"embeddable":true,"href":"https:\/\/mersinekonomipolitikagazetesi.com\/index.php?rest_route=\/wp\/v2\/users\/1"}],"replies":[{"embeddable":true,"href":"https:\/\/mersinekonomipolitikagazetesi.com\/index.php?rest_route=%2Fwp%2Fv2%2Fcomments&post=6547"}],"version-history":[{"count":0,"href":"https:\/\/mersinekonomipolitikagazetesi.com\/index.php?rest_route=\/wp\/v2\/posts\/6547\/revisions"}],"wp:attachment":[{"href":"https:\/\/mersinekonomipolitikagazetesi.com\/index.php?rest_route=%2Fwp%2Fv2%2Fmedia&parent=6547"}],"wp:term":[{"taxonomy":"category","embeddable":true,"href":"https:\/\/mersinekonomipolitikagazetesi.com\/index.php?rest_route=%2Fwp%2Fv2%2Fcategories&post=6547"},{"taxonomy":"post_tag","embeddable":true,"href":"https:\/\/mersinekonomipolitikagazetesi.com\/index.php?rest_route=%2Fwp%2Fv2%2Ftags&post=6547"}],"curies":[{"name":"wp","href":"https:\/\/api.w.org\/{rel}","templated":true}]}}