{"id":6550,"date":"2020-11-04T18:27:03","date_gmt":"2020-11-04T15:27:03","guid":{"rendered":"http:\/\/mersinekonomipolitikagazetesi.com\/?p=6550"},"modified":"2020-11-04T18:27:03","modified_gmt":"2020-11-04T15:27:03","slug":"mersinde-tahliyeler-basladi","status":"publish","type":"post","link":"https:\/\/mersinekonomipolitikagazetesi.com\/?p=6550","title":{"rendered":"Mersin&#8217;de tahliyeler ba\u015flad\u0131"},"content":{"rendered":"<p>\u0130nfaz d\u00fczenlemesine ili\u015fkin kanunun y\u00fcr\u00fcrl\u00fc\u011fe girmesiyle Mersin&#8217;de tahliyeler ba\u015flad\u0131.\u00a0\u00a0<br \/>\n\u00a0 T\u00fcrkiye B\u00fcy\u00fck Millet Meclisi\u2019nde (TBMM) 7 g\u00fcn s\u00fcren g\u00f6r\u00fc\u015fmelerin ard\u0131ndan kabul edilen ve Cumhurba\u015fkan\u0131 Recep Tayyip Erdo\u011fan taraf\u0131ndan onaylanarak y\u00fcr\u00fcrl\u00fc\u011f\u00fc giren yeni infaz d\u00fczenlemesinin hemen ard\u0131ndan tahliyeler ba\u015flad\u0131. T\u00fcrkiye genelinde 90 bin h\u00fck\u00fcml\u00fcn\u00fcn tahliye edilmesi beklenirken, Mersin&#8217;de de \u00e7ok say\u0131da ki\u015finin tahliye olaca\u011f\u0131 \u00f6\u011frenildi.\u00a0\u00a0<br \/>\n\u00a0 Sabah saatlerinde Mersin Ceza \u0130nfaz Kurumuna \u00e7\u0131kan b\u00fct\u00fcn cadde ve sokaklar polisler taraf\u0131ndan kapat\u0131ld\u0131. Dubalarla kapat\u0131lan yollara hi\u00e7bir ara\u00e7 ve h\u00fck\u00fcml\u00fc yak\u0131n\u0131 b\u0131rak\u0131lmad\u0131. Korona vir\u00fcs salg\u0131n\u0131 dolay\u0131s\u0131yla h\u00fck\u00fcml\u00fcler halk otob\u00fcsleriyle tahliye edildi. H\u00fck\u00fcml\u00fclerinin hepsinin maskeli oldu\u011fu ve sosyal mesafeye dikkat edilerek otob\u00fcste olduklar\u0131 g\u00f6r\u00fcld\u00fc. Otob\u00fcslerden bas\u0131n mensuplar\u0131n\u0131 g\u00f6ren h\u00fck\u00fcml\u00fcler el sallad\u0131. Baz\u0131 h\u00fck\u00fcml\u00fcler ise pencereden ba\u015flar\u0131n\u0131 \u00e7\u0131kart\u0131p, objektiflere poz verdi.\u00a0\u00a0<br \/>\n\u00a0 Sabah saatlerinde ba\u015flayan tahliyelerin, ak\u015fam saatlerine kadar devam edece\u011fi bildirildi.\u00a0\u00a0<\/p>\n","protected":false},"excerpt":{"rendered":"<p>\u0130nfaz d\u00fczenlemesine ili\u015fkin kanunun y\u00fcr\u00fcrl\u00fc\u011fe girmesiyle Mersin&#8217;de tahliyeler ba\u015flad\u0131.\u00a0\u00a0 \u00a0 T\u00fcrkiye B\u00fcy\u00fck Millet Meclisi\u2019nde (TBMM) 7 g\u00fcn s\u00fcren g\u00f6r\u00fc\u015fmelerin ard\u0131ndan kabul edilen ve Cumhurba\u015fkan\u0131 Recep Tayyip Erdo\u011fan taraf\u0131ndan onaylanarak y\u00fcr\u00fcrl\u00fc\u011f\u00fc &hellip; <a href=\"https:\/\/mersinekonomipolitikagazetesi.com\/?p=6550\" class=\"more-link\">Devam\u0131n\u0131 Oku&#8230;<\/a><\/p>\n","protected":false},"author":1,"featured_media":0,"comment_status":"open","ping_status":"open","sticky":false,"template":"","format":"standard","meta":[],"categories":[],"tags":[],"_links":{"self":[{"href":"https:\/\/mersinekonomipolitikagazetesi.com\/index.php?rest_route=\/wp\/v2\/posts\/6550"}],"collection":[{"href":"https:\/\/mersinekonomipolitikagazetesi.com\/index.php?rest_route=\/wp\/v2\/posts"}],"about":[{"href":"https:\/\/mersinekonomipolitikagazetesi.com\/index.php?rest_route=\/wp\/v2\/types\/post"}],"author":[{"embeddable":true,"href":"https:\/\/mersinekonomipolitikagazetesi.com\/index.php?rest_route=\/wp\/v2\/users\/1"}],"replies":[{"embeddable":true,"href":"https:\/\/mersinekonomipolitikagazetesi.com\/index.php?rest_route=%2Fwp%2Fv2%2Fcomments&post=6550"}],"version-history":[{"count":0,"href":"https:\/\/mersinekonomipolitikagazetesi.com\/index.php?rest_route=\/wp\/v2\/posts\/6550\/revisions"}],"wp:attachment":[{"href":"https:\/\/mersinekonomipolitikagazetesi.com\/index.php?rest_route=%2Fwp%2Fv2%2Fmedia&parent=6550"}],"wp:term":[{"taxonomy":"category","embeddable":true,"href":"https:\/\/mersinekonomipolitikagazetesi.com\/index.php?rest_route=%2Fwp%2Fv2%2Fcategories&post=6550"},{"taxonomy":"post_tag","embeddable":true,"href":"https:\/\/mersinekonomipolitikagazetesi.com\/index.php?rest_route=%2Fwp%2Fv2%2Ftags&post=6550"}],"curies":[{"name":"wp","href":"https:\/\/api.w.org\/{rel}","templated":true}]}}