{"id":6552,"date":"2020-11-04T18:27:03","date_gmt":"2020-11-04T15:27:03","guid":{"rendered":"http:\/\/mersinekonomipolitikagazetesi.com\/?p=6552"},"modified":"2020-11-04T18:27:03","modified_gmt":"2020-11-04T15:27:03","slug":"mersinde-calisan-mevsimlik-tarim-iscilerine-10-binlerce-lira-trafik-cezasi","status":"publish","type":"post","link":"https:\/\/mersinekonomipolitikagazetesi.com\/?p=6552","title":{"rendered":"MERS\u0130N\u2019DE \u00c7ALI\u015eAN MEVS\u0130ML\u0130K TARIM \u0130\u015e\u00c7\u0130LER\u0130NE  10 B\u0130NLERCE L\u0130RA TRAF\u0130K CEZASI"},"content":{"rendered":"<p>\u0130\u00e7i\u015fleri Bakanl\u0131\u011f\u0131\u2019n\u0131n korona vir\u00fcs\u00fc \u00f6nleme tedbirleri kapsam\u0131nda \u00e7\u0131kard\u0131\u011f\u0131 genelge nedeniyle, Mersin\u2019de narenciyede \u00e7al\u0131\u015fan mevsimlik tar\u0131m i\u015f\u00e7ileri, onbinlerce liral\u0131k para cezas\u0131 yan\u0131nda ara\u00e7lar\u0131n\u0131n ba\u011flanmas\u0131 sorununu da ya\u015f\u0131yor.<\/p>\n<p>Mersin Milletvekili\u00a0 Dr. R\u0131dvan Turan, \u201cBu durum mevsimlik i\u015f\u00e7ilerin kazan\u00e7lar\u0131 g\u00f6z \u00f6n\u00fcne al\u0131nd\u0131\u011f\u0131nda alt\u0131ndan kalkmalar\u0131n\u0131n m\u00fcmk\u00fcn olmad\u0131\u011f\u0131 bir ekonomik y\u00fcke sebep olmaktad\u0131r.\u201d dedi.<\/p>\n<p>\nHDP Mersin Milletvekili Dr. R\u0131dvan Turan, mevsimlik tar\u0131m i\u015f\u00e7ilerinin seyahatleri s\u0131ras\u0131nda trafik ekiplerince yaz\u0131lan cezalar\u0131 meclis g\u00fcndemine ta\u015f\u0131d\u0131.\u00a0<br \/>\nTuran, konuyla ilgili \u0130\u00e7i\u015fleri Bakan\u0131 S\u00fcleyman Soylu\u2019nun cevaplamas\u0131 i\u00e7in soru \u00f6nergesi verdi.<br \/>\nVerdi\u011fi soru \u00f6nergesinde; \u201cBu konuda herhangi bir \u00e7al\u0131\u015fman\u0131z var m\u0131d\u0131r?\u00a0 Kamu kurumlar\u0131n\u0131n elinde at\u0131l halde duran ara\u00e7lar\u0131n bu ama\u00e7la kullan\u0131lmas\u0131n\u0131 d\u00fc\u015f\u00fcn\u00fcyor musunuz? Ara\u00e7lar\u0131n 2 ay trafikten men edilmesinin sebep oldu\u011fu ekonomik kayb\u0131 g\u00f6z \u00f6n\u00fcnde tutarak ara\u00e7lar\u0131n ivedilikle sahiplerine iade edilmesine y\u00f6nelik bir \u00e7al\u0131\u015fman\u0131z mevcut mudur?\u201d ifadelerine yer verdi.<br \/>\nR\u0131dvan Turan,\u201d Koronavir\u00fcs\u00fcn tar\u0131m alan\u0131nda yaratt\u0131\u011f\u0131 sorunlar\u0131n ba\u015f\u0131nda sa\u011fl\u0131k riskleri gelse de maliyetlerin artmas\u0131 da di\u011fer \u00f6nemli bir konuyu te\u015fkil etmektedir. Bu maliyetlerin ba\u015f\u0131nda da ula\u015f\u0131m maliyetleri gelmektedir. Mevsimlik tar\u0131m i\u015f\u00e7ileri tarlaya veya bah\u00e7eye \u00e7o\u011funlukla kendilerince finanse edilen minib\u00fcs veya benzeri ara\u00e7larla gitmektedir. \u0130\u00e7i\u015fleri Bakanl\u0131\u011f\u0131n\u0131n korona vir\u00fcs\u00fc \u00f6nleme tedbirleri kapsam\u0131nda \u00e7\u0131kard\u0131\u011f\u0131 genelge sebebiyle daha \u00f6nce 20 ki\u015filik bir araca yirmi ki\u015fi binerken \u015fimdi bu say\u0131 korona vir\u00fcs sebebiyle, \u201cfiziksel mesafeyi\u201d korumak amac\u0131yla hakl\u0131 olarak 10\u2019a d\u00fc\u015f\u00fcr\u00fclm\u00fc\u015ft\u00fcr. Mevsimlik i\u015f\u00e7iler bu durumda eskisine g\u00f6re iki kat daha fazla ara\u00e7 kiralamak zorunda kalmaktad\u0131rlar. Mevsimlik i\u015f\u00e7ilerin kazan\u00e7lar\u0131 g\u00f6z \u00f6n\u00fcne al\u0131nd\u0131\u011f\u0131nda alt\u0131ndan kalkmalar\u0131n\u0131n m\u00fcmk\u00fcn olmad\u0131\u011f\u0131 bir ekonomik y\u00fcke sebep olmaktad\u0131r. \u0130\u015f\u00e7iler, e\u011fer eskisi gibi ara\u00e7lara binmeye kalkt\u0131klar\u0131nda ise binlerce liral\u0131k cezalar\u0131n yan\u0131nda ara\u00e7lar\u0131n 2 ay trafikten men edilmesi sonucuyla kar\u015f\u0131 kar\u015f\u0131ya kalmaktad\u0131rlar. Se\u00e7im b\u00f6lgem Mersin\u2019de narenciyede \u00e7al\u0131\u015fan mevsimlik tar\u0131m i\u015f\u00e7ileri, onbinlerce liral\u0131k ceza yan\u0131nda ara\u00e7lar\u0131n\u0131n ba\u011flanmas\u0131 sorununu da ya\u015famaktad\u0131r. Bu hem \u00fclke ekonomimiz a\u00e7\u0131s\u0131ndan hem de mevsimlik i\u015f\u00e7ilerin ekonomik durumu a\u00e7\u0131s\u0131ndan olumsuz bir tabloya sebep olmaktad\u0131r. Narenciye toplama faaliyetleri ciddi derecede sekteye u\u011fram\u0131\u015ft\u0131r. Bu sorunun ivedilikle \u00e7\u00f6z\u00fcm\u00fc elzem hale gelmi\u015ftir.\u201d dedi.<\/p>\n","protected":false},"excerpt":{"rendered":"<p>\u0130\u00e7i\u015fleri Bakanl\u0131\u011f\u0131\u2019n\u0131n korona vir\u00fcs\u00fc \u00f6nleme tedbirleri kapsam\u0131nda \u00e7\u0131kard\u0131\u011f\u0131 genelge nedeniyle, Mersin\u2019de narenciyede \u00e7al\u0131\u015fan mevsimlik tar\u0131m i\u015f\u00e7ileri, onbinlerce liral\u0131k para cezas\u0131 yan\u0131nda ara\u00e7lar\u0131n\u0131n ba\u011flanmas\u0131 sorununu da ya\u015f\u0131yor. Mersin Milletvekili\u00a0 Dr. R\u0131dvan &hellip; <a href=\"https:\/\/mersinekonomipolitikagazetesi.com\/?p=6552\" class=\"more-link\">Devam\u0131n\u0131 Oku&#8230;<\/a><\/p>\n","protected":false},"author":1,"featured_media":0,"comment_status":"open","ping_status":"open","sticky":false,"template":"","format":"standard","meta":[],"categories":[],"tags":[],"_links":{"self":[{"href":"https:\/\/mersinekonomipolitikagazetesi.com\/index.php?rest_route=\/wp\/v2\/posts\/6552"}],"collection":[{"href":"https:\/\/mersinekonomipolitikagazetesi.com\/index.php?rest_route=\/wp\/v2\/posts"}],"about":[{"href":"https:\/\/mersinekonomipolitikagazetesi.com\/index.php?rest_route=\/wp\/v2\/types\/post"}],"author":[{"embeddable":true,"href":"https:\/\/mersinekonomipolitikagazetesi.com\/index.php?rest_route=\/wp\/v2\/users\/1"}],"replies":[{"embeddable":true,"href":"https:\/\/mersinekonomipolitikagazetesi.com\/index.php?rest_route=%2Fwp%2Fv2%2Fcomments&post=6552"}],"version-history":[{"count":0,"href":"https:\/\/mersinekonomipolitikagazetesi.com\/index.php?rest_route=\/wp\/v2\/posts\/6552\/revisions"}],"wp:attachment":[{"href":"https:\/\/mersinekonomipolitikagazetesi.com\/index.php?rest_route=%2Fwp%2Fv2%2Fmedia&parent=6552"}],"wp:term":[{"taxonomy":"category","embeddable":true,"href":"https:\/\/mersinekonomipolitikagazetesi.com\/index.php?rest_route=%2Fwp%2Fv2%2Fcategories&post=6552"},{"taxonomy":"post_tag","embeddable":true,"href":"https:\/\/mersinekonomipolitikagazetesi.com\/index.php?rest_route=%2Fwp%2Fv2%2Ftags&post=6552"}],"curies":[{"name":"wp","href":"https:\/\/api.w.org\/{rel}","templated":true}]}}