{"id":6556,"date":"2020-11-04T18:27:03","date_gmt":"2020-11-04T15:27:03","guid":{"rendered":"http:\/\/mersinekonomipolitikagazetesi.com\/?p=6556"},"modified":"2020-11-04T18:27:03","modified_gmt":"2020-11-04T15:27:03","slug":"evde-kalan-binlerce-vatandasin-baskan-secerden-talebi-ucretsiz-internet-istiyoruz","status":"publish","type":"post","link":"https:\/\/mersinekonomipolitikagazetesi.com\/?p=6556","title":{"rendered":"Evde Kalan Binlerce Vatanda\u015f\u0131n Ba\u015fkan Se\u00e7er&#8217;den Talebi;  \u00dcCRETS\u0130Z \u0130NTERNET \u0130ST\u0130YORUZ"},"content":{"rendered":"<p>Evlerinde \u00e7al\u0131\u015fan ve ders dinleyen binlerce vatanda\u015f\u0131n Mersin B\u00fcy\u00fck\u015fehir Belediye  Ba\u015fkan\u0131 Vahap Se\u00e7er\u2019den talebi; \u201c\u00dcCRETS\u0130Z \u0130NTERNET \u0130ST\u0130YORUZ.\u201d<\/p>\n<p>Yeni tip Kovid-19 salg\u0131n\u0131 nedeniyle evden \u00e7al\u0131\u015fanlar ve uzaktan e\u011fitimde ders \u00e7al\u0131\u015fan Mersinliler, B\u00fcy\u00fck\u015fehir Belediye Ba\u015fkan\u0131 Vahap Se\u00e7er&#8217;e, &#8220;\u00dccretsiz internet istiyoruz\u201d \u00e7a\u011fr\u0131s\u0131nda bulundu.<\/p>\n<p>Kovid-19 salg\u0131n\u0131 nedeniyle uzaktan e\u011fitim program\u0131n\u0131 takip eden \u00f6\u011frenciler ve bir\u00e7ok evden \u00e7al\u0131\u015fan vatanda\u015f\u0131n i\u015flerine devam etmesi, internet kullan\u0131m\u0131n\u0131 artt\u0131rarak zorunlu k\u0131ld\u0131. Ya\u015fan\u0131lan salg\u0131n sonras\u0131 evlerinden ders dinleyen ve e\u011fitim programlar\u0131n\u0131 takip eden binlerce \u00f6\u011frenci ve evden \u00e7al\u0131\u015fan vatanda\u015f Gigabayte (Gb) kullan\u0131mlar\u0131n\u0131n artt\u0131\u011f\u0131n\u0131 belirterek Mersin B\u00fcy\u00fck\u015fehir Belediye Ba\u015fkan\u0131 Vahap Se\u00e7er&#8217;e, sahil boyu \u00fccretsiz ve kesintisiz wi-fi hizmetini s\u00fcre\u00e7 boyunca evlere de verilmesi \u00e7a\u011fr\u0131s\u0131nda bulundu.\u00a0<\/p>\n<p>&#8220;Paket a\u015f\u0131mlar\u0131 bizleri zorluyor!&#8221;<\/p>\n<p>\u00a0Evlerinde internet olmad\u0131\u011f\u0131n\u0131 belirten veya fazla Gigabayte kullan\u0131m\u0131ndan dolay\u0131 baz\u0131 dersleri dinleyemediklerini a\u00e7\u0131klayan \u00f6\u011frenciler, &#8220;Ders programlar\u0131m\u0131za ba\u011fl\u0131 olarak g\u00fcnde bir ders takip ediyoruz ve bu dersin ortalama s\u00fcresi yar\u0131m saat s\u00fcr\u00fcyor. Haftada\u00a0 5 saat ders i\u015fliyoruz ve iyi bir g\u00f6r\u00fcnt\u00fcde internet paketlerimizi a\u015f\u0131yor. Haftada 20 gb gibi bir internet kullan\u0131m\u0131m\u0131z oluyor.\u00a0 Bir\u00e7ok arkada\u015f\u0131m\u0131z\u0131n evinde internet yok, ekonomik g\u00fc\u00e7leri de dar. Ders dinleyebilmek i\u00e7in paket a\u015f\u0131yoruz yada takip edemiyoruz. Evinde interneti olmayan veya yeterli pakete sahip olmayan bizler i\u00e7in Vahap Se\u00e7er&#8217;den \u00fccretsiz internet deste\u011fi talep ediyoruz.&#8221; diye konu\u015ftular.<\/p>\n<p>&#8220;\u0130nternet deste\u011fi e\u011fitimimize pozitif etki de bulunur&#8221;<\/p>\n<p>\u00a0Mersin B\u00fcy\u00fck\u015fehir Belediyesi&#8217;nden \u00fccretsiz internet isteyen \u00f6\u011frenciler bu sayede ekonomik zorluklar\u0131n\u0131 atlatacaklar\u0131n\u0131 belirterek, &#8220;Paket fiyatlar\u0131 bir\u00e7ok \u00f6\u011frenci taraf\u0131ndan kar\u015f\u0131lanamayacak durumda. Kotal\u0131 internet kullananlar kotalar\u0131 dolduklar\u0131 i\u00e7in ders takip edemiyorlar. Mersinli \u00f6\u011frenciler olarak yap\u0131lacak \u00fccretsiz internet deste\u011fi bizlerin e\u011fitim hayat\u0131n\u0131 bu d\u00f6nemde pozitif etkiler.&#8221; ifadelerini kulland\u0131.<\/p>\n<p>\u00a0&#8220;\u00dccretsiz internet ila\u00e7 gibi gelir&#8221;<\/p>\n<p>Ofislerinin Kovid-19 sebebiyle ge\u00e7ici kapat\u0131lmas\u0131n\u0131n ard\u0131ndan evlerden \u00e7al\u0131\u015fmalara devam eden vatanda\u015flar ise, &#8220;Mecburen internet kullan\u0131mlar\u0131m\u0131z artt\u0131. Ya\u015fad\u0131\u011f\u0131m\u0131z hadise hem faturalar\u0131m\u0131za hem de i\u015f hayat\u0131m\u0131za etki etti. \u0130nternet ba\u011flatmak ve kullanmak zorunlu bir i\u015flem olarak kar\u015f\u0131m\u0131za \u00e7\u0131kt\u0131. B\u00fcy\u00fck\u015fehir internet deste\u011fi sa\u011flayabilirse bizlere ila\u00e7 gibi gelir. Bu ad\u0131m\u0131n at\u0131lmas\u0131n\u0131 temenni ediyoruz&#8221; diye belirtti.<\/p>\n<p>&#8220;\u00dccretsiz internet deste\u011fi yada fatura deste\u011fi umuttur&#8221;<\/p>\n<p>\u00a0\u00d6\u011frencilerin velileri ise internet kullan\u0131mlar\u0131n\u0131n artmas\u0131yla ev giderlerinin de artt\u0131\u011f\u0131n\u0131 belirterek, &#8220;Bir\u00e7ok vatanda\u015f i\u015f yerlerine gidemiyor. \u00c7al\u0131\u015fmayan aileler ve ekonomik zorluklar i\u00e7erisindeki aileler artan ev masraflar\u0131n\u0131 kar\u015f\u0131layamayacak durumda. \u0130nternet \u00fccretlerini kar\u015f\u0131layamayan aileler i\u00e7in yap\u0131labilecek \u00fccretsiz internet deste\u011fi yada fatura deste\u011fi \u00e7ocuklar\u0131m\u0131z\u0131n gelece\u011fi i\u00e7in bir umuttur.&#8221; diye s\u00f6yledi.<\/p>\n","protected":false},"excerpt":{"rendered":"<p>Evlerinde \u00e7al\u0131\u015fan ve ders dinleyen binlerce vatanda\u015f\u0131n Mersin B\u00fcy\u00fck\u015fehir Belediye Ba\u015fkan\u0131 Vahap Se\u00e7er\u2019den talebi; \u201c\u00dcCRETS\u0130Z \u0130NTERNET \u0130ST\u0130YORUZ.\u201d Yeni tip Kovid-19 salg\u0131n\u0131 nedeniyle evden \u00e7al\u0131\u015fanlar ve uzaktan e\u011fitimde ders \u00e7al\u0131\u015fan Mersinliler, &hellip; <a href=\"https:\/\/mersinekonomipolitikagazetesi.com\/?p=6556\" class=\"more-link\">Devam\u0131n\u0131 Oku&#8230;<\/a><\/p>\n","protected":false},"author":1,"featured_media":0,"comment_status":"open","ping_status":"open","sticky":false,"template":"","format":"standard","meta":[],"categories":[],"tags":[],"_links":{"self":[{"href":"https:\/\/mersinekonomipolitikagazetesi.com\/index.php?rest_route=\/wp\/v2\/posts\/6556"}],"collection":[{"href":"https:\/\/mersinekonomipolitikagazetesi.com\/index.php?rest_route=\/wp\/v2\/posts"}],"about":[{"href":"https:\/\/mersinekonomipolitikagazetesi.com\/index.php?rest_route=\/wp\/v2\/types\/post"}],"author":[{"embeddable":true,"href":"https:\/\/mersinekonomipolitikagazetesi.com\/index.php?rest_route=\/wp\/v2\/users\/1"}],"replies":[{"embeddable":true,"href":"https:\/\/mersinekonomipolitikagazetesi.com\/index.php?rest_route=%2Fwp%2Fv2%2Fcomments&post=6556"}],"version-history":[{"count":0,"href":"https:\/\/mersinekonomipolitikagazetesi.com\/index.php?rest_route=\/wp\/v2\/posts\/6556\/revisions"}],"wp:attachment":[{"href":"https:\/\/mersinekonomipolitikagazetesi.com\/index.php?rest_route=%2Fwp%2Fv2%2Fmedia&parent=6556"}],"wp:term":[{"taxonomy":"category","embeddable":true,"href":"https:\/\/mersinekonomipolitikagazetesi.com\/index.php?rest_route=%2Fwp%2Fv2%2Fcategories&post=6556"},{"taxonomy":"post_tag","embeddable":true,"href":"https:\/\/mersinekonomipolitikagazetesi.com\/index.php?rest_route=%2Fwp%2Fv2%2Ftags&post=6556"}],"curies":[{"name":"wp","href":"https:\/\/api.w.org\/{rel}","templated":true}]}}