{"id":6560,"date":"2020-11-04T18:27:03","date_gmt":"2020-11-04T15:27:03","guid":{"rendered":"http:\/\/mersinekonomipolitikagazetesi.com\/?p=6560"},"modified":"2020-11-04T18:27:03","modified_gmt":"2020-11-04T15:27:03","slug":"yangin-cikan-depodaki-otomobil-ve-motosiklet-hurdaya-dondu","status":"publish","type":"post","link":"https:\/\/mersinekonomipolitikagazetesi.com\/?p=6560","title":{"rendered":"Yang\u0131n \u00e7\u0131kan depodaki otomobil ve motosiklet hurdaya d\u00f6nd\u00fc"},"content":{"rendered":"<p>Mersin\u00b4in Erdemli il\u00e7esinde m\u00fcstakil bir evin deposunda \u00e7\u0131kan yang\u0131nda bir otomobil ve bir motosiklet hurdaya d\u00f6nd\u00fc. Herhangi bir yaralanman\u0131n olmad\u0131\u011f\u0131 yang\u0131nda ev sahibi \u00fcretici ya\u015fad\u0131klar\u0131 kar\u015f\u0131s\u0131nda bir yak\u0131n\u0131na sar\u0131larak g\u00f6zya\u015flar\u0131na bo\u011fuldu.\u00a0 \u00a0<br \/>\n\u00a0 Edinilen bilgiye g\u00f6re, il\u00e7eye ba\u011fl\u0131 Kumkuyu Mahallesi Azimli Mevkisinde \u0130lyas G\u00fcnay adl\u0131 \u00fcreticiye ait m\u00fcstakil evin deposunda yang\u0131n \u00e7\u0131kt\u0131. \u0130\u00e7erisinde bir otomobil ve motosikletin bulundu\u011fu depoyu bir anda alevler sard\u0131. Yang\u0131na m\u00fcdahale edemeyen vatanda\u015flar durumu itfaiyeye bildirip yard\u0131m istedi. Ancak k\u0131sa s\u00fcrede alevlere teslim olan depodaki otomobil ve\u00a0 motosiklet ile meyve ve sebze ta\u015f\u0131mada kullan\u0131lan ah\u015fap kasalar kullan\u0131lamaz hale geldi. Ev sahibi G\u00fcnay ya\u015fad\u0131klar\u0131 kar\u015f\u0131s\u0131nda dayanamay\u0131p bir yak\u0131n\u0131na sar\u0131larak g\u00f6zya\u015flar\u0131na bo\u011fuldu.\u00a0<br \/>\n\u00a0 G\u00fcvenlik g\u00fc\u00e7leri yang\u0131n b\u00f6lgesine gelen vatanda\u015flara ise sosyal mesafe uyar\u0131s\u0131nda bulundu.\u00a0<br \/>\n\u00a0 Yang\u0131nla ilgili soru\u015fturma ba\u015flat\u0131l\u0131rken, \u00e7\u0131k\u0131\u015f sebebinin belirlenmesi i\u00e7in incelemeler s\u00fcr\u00fcyor.\u00a0<\/p>\n","protected":false},"excerpt":{"rendered":"<p>Mersin\u00b4in Erdemli il\u00e7esinde m\u00fcstakil bir evin deposunda \u00e7\u0131kan yang\u0131nda bir otomobil ve bir motosiklet hurdaya d\u00f6nd\u00fc. Herhangi bir yaralanman\u0131n olmad\u0131\u011f\u0131 yang\u0131nda ev sahibi \u00fcretici ya\u015fad\u0131klar\u0131 kar\u015f\u0131s\u0131nda bir yak\u0131n\u0131na sar\u0131larak g\u00f6zya\u015flar\u0131na &hellip; <a href=\"https:\/\/mersinekonomipolitikagazetesi.com\/?p=6560\" class=\"more-link\">Devam\u0131n\u0131 Oku&#8230;<\/a><\/p>\n","protected":false},"author":1,"featured_media":0,"comment_status":"open","ping_status":"open","sticky":false,"template":"","format":"standard","meta":[],"categories":[],"tags":[],"_links":{"self":[{"href":"https:\/\/mersinekonomipolitikagazetesi.com\/index.php?rest_route=\/wp\/v2\/posts\/6560"}],"collection":[{"href":"https:\/\/mersinekonomipolitikagazetesi.com\/index.php?rest_route=\/wp\/v2\/posts"}],"about":[{"href":"https:\/\/mersinekonomipolitikagazetesi.com\/index.php?rest_route=\/wp\/v2\/types\/post"}],"author":[{"embeddable":true,"href":"https:\/\/mersinekonomipolitikagazetesi.com\/index.php?rest_route=\/wp\/v2\/users\/1"}],"replies":[{"embeddable":true,"href":"https:\/\/mersinekonomipolitikagazetesi.com\/index.php?rest_route=%2Fwp%2Fv2%2Fcomments&post=6560"}],"version-history":[{"count":0,"href":"https:\/\/mersinekonomipolitikagazetesi.com\/index.php?rest_route=\/wp\/v2\/posts\/6560\/revisions"}],"wp:attachment":[{"href":"https:\/\/mersinekonomipolitikagazetesi.com\/index.php?rest_route=%2Fwp%2Fv2%2Fmedia&parent=6560"}],"wp:term":[{"taxonomy":"category","embeddable":true,"href":"https:\/\/mersinekonomipolitikagazetesi.com\/index.php?rest_route=%2Fwp%2Fv2%2Fcategories&post=6560"},{"taxonomy":"post_tag","embeddable":true,"href":"https:\/\/mersinekonomipolitikagazetesi.com\/index.php?rest_route=%2Fwp%2Fv2%2Ftags&post=6560"}],"curies":[{"name":"wp","href":"https:\/\/api.w.org\/{rel}","templated":true}]}}