{"id":6562,"date":"2020-11-04T18:27:03","date_gmt":"2020-11-04T15:27:03","guid":{"rendered":"http:\/\/mersinekonomipolitikagazetesi.com\/?p=6562"},"modified":"2020-11-04T18:27:03","modified_gmt":"2020-11-04T15:27:03","slug":"kriz-merkezi-araciligi-ile-toruna-sus-baligi-surprizi","status":"publish","type":"post","link":"https:\/\/mersinekonomipolitikagazetesi.com\/?p=6562","title":{"rendered":"Kriz merkezi arac\u0131l\u0131\u011f\u0131 ile toruna s\u00fcs bal\u0131\u011f\u0131 s\u00fcrprizi"},"content":{"rendered":"<p>Mersin&#8217;de korona vir\u00fcs tedbirle kapsam\u0131nda d\u0131\u015far\u0131ya \u00e7\u0131kamayan dede, kriz merkezi arac\u0131l\u0131\u011f\u0131 ile uzun s\u00fcredir g\u00f6remedi\u011fi 22 ayl\u0131k torununa s\u00fcs bal\u0131\u011f\u0131 s\u00fcrprizi yapt\u0131.\u00a0 \u00a0<br \/>\n\u00a0 Korona vir\u00fcs dolay\u0131s\u0131yla kurulan ve vir\u00fcs tedbirleri kapsam\u0131nda sa\u011fl\u0131k paketinden g\u0131daya, yemekten dezenfeksiyon i\u015flemlerine kadar bir\u00e7ok talebi yerine getiren Mersin B\u00fcy\u00fck\u015fehir Belediyesi Kriz Merkezi, g\u00fcl\u00fcmseten talepleri de kar\u015f\u0131layarak s\u00fcrpriz mutluluklar ya\u015fanmas\u0131na vesile oluyor.\u00a0<br \/>\n\u00a0 Mersin\u2019de ikamet eden ve 65 ya\u015f \u00fcst\u00fc oldu\u011fu i\u00e7in d\u0131\u015far\u0131ya \u00e7\u0131k\u0131p torununu g\u00f6remeyen Mehmet Ate\u015f, kriz merkezini arayarak, torunu Laden i\u00e7in s\u00fcs bal\u0131\u011f\u0131 talebinde bulundu. Bu s\u00fcre\u00e7te torununun da d\u0131\u015far\u0131 \u00e7\u0131kamad\u0131\u011f\u0131 i\u00e7in evde can\u0131n\u0131n s\u0131k\u0131ld\u0131\u011f\u0131n\u0131 belirten ve mutlu olmas\u0131 i\u00e7in ekiplerden s\u00fcs bal\u0131\u011f\u0131 g\u00f6t\u00fcrmelerini rica eden Mehmet Dedenin talebi h\u0131zla yerine getirildi.\u00a0<br \/>\n\u00a0 Minik Laden\u2019in mutlulu\u011fu g\u00f6zlerinden okundu\u00a0<br \/>\n\u00a0 Dedenin torunu i\u00e7in s\u00fcs bal\u0131\u011f\u0131 iste\u011fini hemen yerine getirmek \u00fczere harekete ge\u00e7en B\u00fcy\u00fck\u015fehir Belediyesi ekipleri, s\u00fcs bal\u0131klar\u0131n\u0131 minik Laden\u2019e g\u00f6t\u00fcrerek aileye s\u00fcrpriz yapt\u0131. Ekipler, lepistes cinsi s\u00fcs bal\u0131klar\u0131n\u0131 Mehmet Ate\u015f\u2019in gelini Feray Ate\u015f\u2019e teslim etti.\u00a0<br \/>\n\u00a0 Minik Laden ve annesi Feray Ate\u015f ekipleri mutlulukla kar\u015f\u0131larken, 22 ayl\u0131k Laden\u2019in s\u00fcrpriz hediye kar\u015f\u0131s\u0131nda mutlulu\u011fu g\u00f6zlerinden okundu. Anne Feray Ate\u015f de ekiplere te\u015fekk\u00fcr etti.\u00a0<br \/>\n\u00a0 \u201cBize bug\u00fcnlerde \u00e7ok g\u00fczel bir s\u00fcrpriz oldu\u201d\u00a0<br \/>\n\u00a0 Mehmet Dede\u2019nin gelini Feray Ate\u015f, k\u0131z\u0131n\u0131n bal\u0131klar\u0131 \u00e7ok sevdi\u011fini belirterek, kay\u0131n babas\u0131n\u0131n bu zor g\u00fcnlerde b\u00f6yle d\u00fc\u015f\u00fcnceli davranarak kendilerini \u00e7ok mutlu etti\u011fini ifade etti. Ate\u015f, \u201cDedemiz d\u00fcn kriz merkezini arayarak bir bal\u0131k istemi\u015f. K\u0131z\u0131m bal\u0131klar\u0131 \u00e7ok seviyor. Kendisi almak istiyordu. Fakat b\u00f6yle bir s\u00fcrece girdi\u011fimiz i\u00e7in kendisi de 65 ya\u015f \u00fcst\u00fc oldu\u011fu i\u00e7in d\u0131\u015far\u0131 \u00e7\u0131kamad\u0131, alamad\u0131. K\u0131z\u0131m da k\u00fc\u00e7\u00fck oldu\u011fu i\u00e7in d\u0131\u015far\u0131 \u00e7\u0131kam\u0131yor. \u00c7ok d\u00fc\u015f\u00fcnceli bir davran\u0131\u015f olmu\u015f. Sizlere de ger\u00e7ekten \u00e7ok te\u015fekk\u00fcr ediyorum. Biz de \u00e7\u0131k\u0131p almad\u0131k, dedemiz de alamad\u0131. Bize bug\u00fcnlerde \u00e7ok g\u00fczel bir s\u00fcrpriz oldu. K\u0131z\u0131m da \u00e7ok be\u011fendi. Eme\u011finiz i\u00e7in \u00e7ok te\u015fekk\u00fcr ediyoruz&#8221; dedi.\u00a0<\/p>\n","protected":false},"excerpt":{"rendered":"<p>Mersin&#8217;de korona vir\u00fcs tedbirle kapsam\u0131nda d\u0131\u015far\u0131ya \u00e7\u0131kamayan dede, kriz merkezi arac\u0131l\u0131\u011f\u0131 ile uzun s\u00fcredir g\u00f6remedi\u011fi 22 ayl\u0131k torununa s\u00fcs bal\u0131\u011f\u0131 s\u00fcrprizi yapt\u0131.\u00a0 \u00a0 \u00a0 Korona vir\u00fcs dolay\u0131s\u0131yla kurulan ve vir\u00fcs &hellip; <a href=\"https:\/\/mersinekonomipolitikagazetesi.com\/?p=6562\" class=\"more-link\">Devam\u0131n\u0131 Oku&#8230;<\/a><\/p>\n","protected":false},"author":1,"featured_media":0,"comment_status":"open","ping_status":"open","sticky":false,"template":"","format":"standard","meta":[],"categories":[],"tags":[],"_links":{"self":[{"href":"https:\/\/mersinekonomipolitikagazetesi.com\/index.php?rest_route=\/wp\/v2\/posts\/6562"}],"collection":[{"href":"https:\/\/mersinekonomipolitikagazetesi.com\/index.php?rest_route=\/wp\/v2\/posts"}],"about":[{"href":"https:\/\/mersinekonomipolitikagazetesi.com\/index.php?rest_route=\/wp\/v2\/types\/post"}],"author":[{"embeddable":true,"href":"https:\/\/mersinekonomipolitikagazetesi.com\/index.php?rest_route=\/wp\/v2\/users\/1"}],"replies":[{"embeddable":true,"href":"https:\/\/mersinekonomipolitikagazetesi.com\/index.php?rest_route=%2Fwp%2Fv2%2Fcomments&post=6562"}],"version-history":[{"count":0,"href":"https:\/\/mersinekonomipolitikagazetesi.com\/index.php?rest_route=\/wp\/v2\/posts\/6562\/revisions"}],"wp:attachment":[{"href":"https:\/\/mersinekonomipolitikagazetesi.com\/index.php?rest_route=%2Fwp%2Fv2%2Fmedia&parent=6562"}],"wp:term":[{"taxonomy":"category","embeddable":true,"href":"https:\/\/mersinekonomipolitikagazetesi.com\/index.php?rest_route=%2Fwp%2Fv2%2Fcategories&post=6562"},{"taxonomy":"post_tag","embeddable":true,"href":"https:\/\/mersinekonomipolitikagazetesi.com\/index.php?rest_route=%2Fwp%2Fv2%2Ftags&post=6562"}],"curies":[{"name":"wp","href":"https:\/\/api.w.org\/{rel}","templated":true}]}}