{"id":6599,"date":"2020-11-04T18:27:04","date_gmt":"2020-11-04T15:27:04","guid":{"rendered":"http:\/\/mersinekonomipolitikagazetesi.com\/?p=6599"},"modified":"2020-11-04T18:27:04","modified_gmt":"2020-11-04T15:27:04","slug":"ramazan-ve-korona-firsatcilarina-dikkat","status":"publish","type":"post","link":"https:\/\/mersinekonomipolitikagazetesi.com\/?p=6599","title":{"rendered":"&#8220;Ramazan ve korona f\u0131rsat\u00e7\u0131lar\u0131na dikkat\u201d"},"content":{"rendered":"<p><span style=\"line-height: 1.6em;\">TESK Genel Ba\u015fkan\u0131 Bendevi Paland\u00f6ken, Ramazan ay\u0131na say\u0131l\u0131 g\u00fcnler kala g\u0131da al\u0131\u015fveri\u015flerinde dikkat edilmesi gerekti\u011fini belirterek uyar\u0131larda bulundu.\u00a0<\/span><\/p>\n<p>Merdiven alt\u0131 \u00fcr\u00fcnlerin tercih edilmemesi gerekti\u011fini vurgulayan T\u00fcrkiye Esnaf ve Sanatk\u00e2rlar Konfederasyonu (TESK) Genel Ba\u015fkan\u0131 Paland\u00f6ken, \u201cKorana vir\u00fcs nedeniyle evde kald\u0131\u011f\u0131m\u0131z bu g\u00fcnlerde Ramazan ay\u0131na say\u0131l\u0131 g\u00fcnler kala merdiven alt\u0131 ve internet \u00fczerinden g\u0131da al\u0131\u015fveri\u015flerine y\u00f6nelim artt\u0131. Araba arkas\u0131nda ekmek ve tatl\u0131 gibi hijyen olmayan ve nas\u0131l \u00fcretildi\u011fi yap\u0131lan bilinmeyen merdiven alt\u0131 \u00fcr\u00fcnler tercih edilmemeli ve stok yaparak fiyatlar\u0131n artmas\u0131na yol a\u00e7\u0131lmamal\u0131. Piyasalarda haks\u0131z kazan\u00e7 elde edenler de\u011fil i\u015fini d\u00fcr\u00fcst yapanlar bu canlanmadan faydalanmal\u0131. Devletimiz bu noktada titizlikle \u00e7al\u0131\u015fma y\u00fcr\u00fct\u00fcyor. Merdiven alt\u0131 ve istenmeyen sa\u011fl\u0131k \u00fcr\u00fcnleri satanlar devletimiz taraf\u0131ndan ilan ediliyor. 500 bin liraya kadar ceza kesilen bu f\u0131rsat\u00e7\u0131lara g\u00f6z a\u00e7t\u0131r\u0131lmamaya \u00e7al\u0131\u015f\u0131l\u0131yor. Fakat vatanda\u015flar\u0131m\u0131z da bu konuda tedbiri elden b\u0131rakmayarak bu t\u00fcr kalitesiz \u00fcr\u00fcnlere y\u00f6nelmemeliler\u201d dedi.\u00a0<\/p>\n<p>\u201cOnline market al\u0131\u015fveri\u015fi 1 y\u0131lda y\u00fczde 129 artt\u0131\u201d\u00a0<br \/>\n\u0130nternetten yap\u0131lan al\u0131\u015fveri\u015flerde en \u00e7ok g\u0131da, temizlik, market al\u0131\u015fveri\u015finin yap\u0131ld\u0131\u011f\u0131n\u0131 belirten Paland\u00f6ken, \u201cD\u00fcnyan\u0131n ve \u00fclkemizin Covid-19 nedeniyle zor g\u00fcnler ge\u00e7irdi\u011fi ve evlerimizde kald\u0131\u011f\u0131m\u0131z bu zamanlarda internetten al\u0131\u015fveri\u015flerde de \u00f6nemli bir art\u0131\u015f oldu. \u00d6zellikle g\u0131da al\u0131\u015fveri\u015flerinin bir\u00e7o\u011fu art\u0131k internetten yap\u0131lmaya ba\u015fland\u0131. \u00d6yle ki internetten kartl\u0131 \u00f6deme tutar\u0131 bu y\u0131l Mart ay\u0131nda ge\u00e7ti\u011fimiz y\u0131l\u0131n ayn\u0131 d\u00f6nemine g\u00f6re y\u00fczde 19 artarak 16,5 milyar TL oldu. Bu tutarda ayn\u0131 d\u00f6nemde en fazla art\u0131\u015f market-g\u0131da sekt\u00f6rlerinde olmak \u00fczere y\u00fczde 129 artt\u0131. Ramazan\u2019\u0131n da ba\u015flamas\u0131na say\u0131l\u0131 g\u00fcnler kala bu al\u0131\u015fveri\u015flerin daha da artaca\u011f\u0131 bariz \u015fekilde ortadad\u0131r\u201d dedi.\u00a0<\/p>\n<p>\u201c\u0130nternette merdiven alt\u0131na daha \u00e7ok dikkat edilmeli\u201d\u00a0<br \/>\n\u00d6zellikle g\u0131da al\u0131\u015fveri\u015flerinde internetten al\u0131\u015fveri\u015flere daha \u00e7ok dikkat edilmesi gerekti\u011fine dikkati \u00e7eken Paland\u00f6ken, \u201c\u0130nternetten al\u0131\u015fveri\u015flerin artmas\u0131 f\u0131rsat\u00e7\u0131lara da kap\u0131lar aral\u0131yor. Fiyatlar\u0131 d\u00fc\u015f\u00fck tutarak merdiven alt\u0131 hijyen \u00fcr\u00fcnleri, g\u0131da \u00fcr\u00fcnleri sat\u0131lmaya da ba\u015fland\u0131. Ramazan\u0131n da ba\u015flamas\u0131na say\u0131l\u0131 g\u00fcnler kala vatanda\u015flar\u0131m\u0131z her zamankinden daha dikkatli olmal\u0131. Stok yapman\u0131n da hi\u00e7bir gere\u011fi yok \u00e7\u00fcnk\u00fc \u00fclkemizde bir k\u0131tl\u0131k s\u00f6z konusu asla de\u011fil. Stok yapmak f\u0131rsat\u00e7\u0131lar\u0131n fiyatlar\u0131 da art\u0131rmas\u0131na neden oluyor. Bu da hem enflasyonu hem de ceplerimizi de olumsuz etkilerken haks\u0131z kazan\u00e7 sa\u011flayanlar\u0131n cebini dolduruyor\u201d ifadelerini kulland\u0131.\u00a0<\/p>\n","protected":false},"excerpt":{"rendered":"<p>TESK Genel Ba\u015fkan\u0131 Bendevi Paland\u00f6ken, Ramazan ay\u0131na say\u0131l\u0131 g\u00fcnler kala g\u0131da al\u0131\u015fveri\u015flerinde dikkat edilmesi gerekti\u011fini belirterek uyar\u0131larda bulundu.\u00a0 Merdiven alt\u0131 \u00fcr\u00fcnlerin tercih edilmemesi gerekti\u011fini vurgulayan T\u00fcrkiye Esnaf ve Sanatk\u00e2rlar Konfederasyonu &hellip; <a href=\"https:\/\/mersinekonomipolitikagazetesi.com\/?p=6599\" class=\"more-link\">Devam\u0131n\u0131 Oku&#8230;<\/a><\/p>\n","protected":false},"author":1,"featured_media":0,"comment_status":"open","ping_status":"open","sticky":false,"template":"","format":"standard","meta":[],"categories":[],"tags":[],"_links":{"self":[{"href":"https:\/\/mersinekonomipolitikagazetesi.com\/index.php?rest_route=\/wp\/v2\/posts\/6599"}],"collection":[{"href":"https:\/\/mersinekonomipolitikagazetesi.com\/index.php?rest_route=\/wp\/v2\/posts"}],"about":[{"href":"https:\/\/mersinekonomipolitikagazetesi.com\/index.php?rest_route=\/wp\/v2\/types\/post"}],"author":[{"embeddable":true,"href":"https:\/\/mersinekonomipolitikagazetesi.com\/index.php?rest_route=\/wp\/v2\/users\/1"}],"replies":[{"embeddable":true,"href":"https:\/\/mersinekonomipolitikagazetesi.com\/index.php?rest_route=%2Fwp%2Fv2%2Fcomments&post=6599"}],"version-history":[{"count":0,"href":"https:\/\/mersinekonomipolitikagazetesi.com\/index.php?rest_route=\/wp\/v2\/posts\/6599\/revisions"}],"wp:attachment":[{"href":"https:\/\/mersinekonomipolitikagazetesi.com\/index.php?rest_route=%2Fwp%2Fv2%2Fmedia&parent=6599"}],"wp:term":[{"taxonomy":"category","embeddable":true,"href":"https:\/\/mersinekonomipolitikagazetesi.com\/index.php?rest_route=%2Fwp%2Fv2%2Fcategories&post=6599"},{"taxonomy":"post_tag","embeddable":true,"href":"https:\/\/mersinekonomipolitikagazetesi.com\/index.php?rest_route=%2Fwp%2Fv2%2Ftags&post=6599"}],"curies":[{"name":"wp","href":"https:\/\/api.w.org\/{rel}","templated":true}]}}