{"id":6752,"date":"2020-11-04T18:27:13","date_gmt":"2020-11-04T15:27:13","guid":{"rendered":"http:\/\/mersinekonomipolitikagazetesi.com\/?p=6752"},"modified":"2020-11-04T18:27:13","modified_gmt":"2020-11-04T15:27:13","slug":"mersinde-cadde-ve-sokaklar-bosaldi","status":"publish","type":"post","link":"https:\/\/mersinekonomipolitikagazetesi.com\/?p=6752","title":{"rendered":"Mersin&#8217;de cadde ve sokaklar bo\u015fald\u0131"},"content":{"rendered":"<p><span style=\"line-height: 1.6em;\">T\u00fcm d\u00fcnyay\u0131 etkisi alt\u0131na alan korona vir\u00fcs dolay\u0131s\u0131yla soka\u011fa \u00e7\u0131kma k\u0131s\u0131tlamas\u0131 ilan edilen Mersin&#8217;de caddeler ve sokaklar sessizli\u011fe b\u00fcr\u00fcnd\u00fc. Sadece \u00e7al\u0131\u015fma zorunlulu\u011fu olanlar d\u0131\u015f\u0131nda hi\u00e7 kimse d\u0131\u015far\u0131 \u00e7\u0131kmazken, g\u00fcvenlik g\u00fc\u00e7leri de hem uygulama noktalar\u0131nda hem de devriyelerde sokakta g\u00f6rd\u00fckleri vatanda\u015flar\u0131 uyar\u0131yor.\u00a0<\/span><\/p>\n<p>Cumhurba\u015fkan\u0131 Recep Tayyip Erdo\u011fan, Kabine Toplant\u0131s\u0131&#8217;n\u0131n ard\u0131ndan 30 b\u00fcy\u00fck\u015fehir ile Zonguldak&#8217;ta 3 g\u00fcnl\u00fck soka\u011fa \u00e7\u0131kma k\u0131s\u0131tlamas\u0131 ilan edildi\u011fini duyurmu\u015ftu. D\u00fcn gece saat 00.00 itibariyle ba\u015flayan k\u0131s\u0131tlamayla birlikte, 31 kentte \u00fcst d\u00fczey \u00f6nlemler al\u0131nd\u0131. Mersin&#8217;de de caddeler ve sokaklar sessizli\u011fe b\u00fcr\u00fcnd\u00fc. Kentin en i\u015flek caddeleri ve sokaklar\u0131 tamamen bo\u015fal\u0131rken, sadece \u00e7al\u0131\u015fma zorunlulu\u011fu olanlar ve genelge ile izin verilenlerin d\u0131\u015far\u0131da oldu\u011fu g\u00f6r\u00fcld\u00fc. G\u00fcvenlik g\u00fc\u00e7leri kentin belirli noktalar\u0131nda uygulama noktalar\u0131 olu\u015ftururken, az say\u0131da ge\u00e7en ara\u00e7lar\u0131 tek tek durdurarak, vatanda\u015flar\u0131n neden d\u0131\u015far\u0131 \u00e7\u0131kt\u0131\u011f\u0131n\u0131 soruyor. Soka\u011fa \u00e7\u0131kma yasa\u011f\u0131ndan muaf olan vatanda\u015flar kontrollerden sonra yoluna devam ederken, izni olmayan vatanda\u015flara da adli ve idari i\u015flem yap\u0131l\u0131yor. Yollarda \u00e7ok az say\u0131da ara\u00e7 bulunurken, yaya olarak gezen vatanda\u015f\u0131n ise yok denecek kadar az oldu\u011fu g\u00f6r\u00fcld\u00fc.\u00a0<br \/>\nBo\u015falan cadde ve sokaklar ise sokak hayvanlar\u0131na kald\u0131.\u00a0<\/p>\n","protected":false},"excerpt":{"rendered":"<p>T\u00fcm d\u00fcnyay\u0131 etkisi alt\u0131na alan korona vir\u00fcs dolay\u0131s\u0131yla soka\u011fa \u00e7\u0131kma k\u0131s\u0131tlamas\u0131 ilan edilen Mersin&#8217;de caddeler ve sokaklar sessizli\u011fe b\u00fcr\u00fcnd\u00fc. Sadece \u00e7al\u0131\u015fma zorunlulu\u011fu olanlar d\u0131\u015f\u0131nda hi\u00e7 kimse d\u0131\u015far\u0131 \u00e7\u0131kmazken, g\u00fcvenlik g\u00fc\u00e7leri &hellip; <a href=\"https:\/\/mersinekonomipolitikagazetesi.com\/?p=6752\" class=\"more-link\">Devam\u0131n\u0131 Oku&#8230;<\/a><\/p>\n","protected":false},"author":1,"featured_media":0,"comment_status":"open","ping_status":"open","sticky":false,"template":"","format":"standard","meta":[],"categories":[],"tags":[],"_links":{"self":[{"href":"https:\/\/mersinekonomipolitikagazetesi.com\/index.php?rest_route=\/wp\/v2\/posts\/6752"}],"collection":[{"href":"https:\/\/mersinekonomipolitikagazetesi.com\/index.php?rest_route=\/wp\/v2\/posts"}],"about":[{"href":"https:\/\/mersinekonomipolitikagazetesi.com\/index.php?rest_route=\/wp\/v2\/types\/post"}],"author":[{"embeddable":true,"href":"https:\/\/mersinekonomipolitikagazetesi.com\/index.php?rest_route=\/wp\/v2\/users\/1"}],"replies":[{"embeddable":true,"href":"https:\/\/mersinekonomipolitikagazetesi.com\/index.php?rest_route=%2Fwp%2Fv2%2Fcomments&post=6752"}],"version-history":[{"count":0,"href":"https:\/\/mersinekonomipolitikagazetesi.com\/index.php?rest_route=\/wp\/v2\/posts\/6752\/revisions"}],"wp:attachment":[{"href":"https:\/\/mersinekonomipolitikagazetesi.com\/index.php?rest_route=%2Fwp%2Fv2%2Fmedia&parent=6752"}],"wp:term":[{"taxonomy":"category","embeddable":true,"href":"https:\/\/mersinekonomipolitikagazetesi.com\/index.php?rest_route=%2Fwp%2Fv2%2Fcategories&post=6752"},{"taxonomy":"post_tag","embeddable":true,"href":"https:\/\/mersinekonomipolitikagazetesi.com\/index.php?rest_route=%2Fwp%2Fv2%2Ftags&post=6752"}],"curies":[{"name":"wp","href":"https:\/\/api.w.org\/{rel}","templated":true}]}}