{"id":6753,"date":"2020-11-04T18:27:13","date_gmt":"2020-11-04T15:27:13","guid":{"rendered":"http:\/\/mersinekonomipolitikagazetesi.com\/?p=6753"},"modified":"2020-11-04T18:27:13","modified_gmt":"2020-11-04T15:27:13","slug":"mersinde-trafik-isiklarinda-saglik-paketi-dagitiliyor","status":"publish","type":"post","link":"https:\/\/mersinekonomipolitikagazetesi.com\/?p=6753","title":{"rendered":"Mersin&#8217;de trafik \u0131\u015f\u0131klar\u0131nda sa\u011fl\u0131k paketi da\u011f\u0131t\u0131l\u0131yor"},"content":{"rendered":"<p><span style=\"line-height: 1.6em;\">Mersin&#8217;de B\u00fcy\u00fck\u015fehir Belediyesince korona vir\u00fcs salg\u0131n\u0131 s\u00fcrecinde 4 merkez il\u00e7enin i\u015flek noktalar\u0131nda soka\u011fa \u00e7\u0131kmak zorunda olan yolculara sa\u011fl\u0131k paketi da\u011f\u0131t\u0131l\u0131yor.\u00a0<\/span><\/p>\n<p>Belediye b\u00fcnyesinde haz\u0131rlanan sa\u011fl\u0131k paketleri, soka\u011fa \u00e7\u0131kma k\u0131s\u0131tlamas\u0131n\u0131n uygulanmad\u0131\u011f\u0131 hafta i\u00e7i kent trafi\u011finin yo\u011fun oldu\u011fu noktalarda ara\u00e7lardaki yolculara da\u011f\u0131t\u0131l\u0131yor. Sa\u011fl\u0131k paketleri ile vatanda\u015flara hijyen deste\u011fi verilirken, sa\u011fl\u0131klar\u0131 i\u00e7in evde kalmalar\u0131 konusuna da bir kez daha dikkat \u00e7ekiliyor. Yeni\u015fehir, Mezitli, Akdeniz ve Toroslar\u2019dan olu\u015fan 4 merkez il\u00e7enin i\u015flek caddelerindeki \u0131\u015f\u0131klarda bekleyen personeller, sabah i\u015fe gidi\u015f saatlerinde ara\u00e7lardaki yolculara i\u00e7erisinde dezenfektan, sabun ve bilgilendirme bro\u015f\u00fcr\u00fcn\u00fcn oldu\u011fu sa\u011fl\u0131k paketlerini ula\u015ft\u0131r\u0131yor.\u00a0<\/p>\n<p>\u0130\u015flek noktalarda g\u00fcn g\u00fcn d\u00f6n\u00fc\u015f\u00fcml\u00fc olarak paketler da\u011f\u0131t\u0131l\u0131yor\u00a0<br \/>\nKentin kuzeyinden g\u00fcneyine, do\u011fusundan bat\u0131s\u0131na ara\u00e7larla ula\u015f\u0131m sa\u011flayan vatanda\u015flar, trafi\u011fin yo\u011funla\u015ft\u0131\u011f\u0131 noktalarda B\u00fcy\u00fck\u015fehir Belediyesi ekiplerine denk geliyor. Ekipler, g\u00fcn g\u00fcn d\u00f6n\u00fc\u015f\u00fcml\u00fc olarak Marina, Forum, Demokrasi, An\u0131t, Egemenlik, Yeni\u015fehir Kamp\u00fcs\u00fc ve \u0130stasyon gibi kav\u015faklarda sa\u011fl\u0131k paketlerini da\u011f\u0131t\u0131yor. Vatanda\u015flar ise uygulamadan duyduklar\u0131 memnuniyeti dile getiriyor.\u00a0<\/p>\n","protected":false},"excerpt":{"rendered":"<p>Mersin&#8217;de B\u00fcy\u00fck\u015fehir Belediyesince korona vir\u00fcs salg\u0131n\u0131 s\u00fcrecinde 4 merkez il\u00e7enin i\u015flek noktalar\u0131nda soka\u011fa \u00e7\u0131kmak zorunda olan yolculara sa\u011fl\u0131k paketi da\u011f\u0131t\u0131l\u0131yor.\u00a0 Belediye b\u00fcnyesinde haz\u0131rlanan sa\u011fl\u0131k paketleri, soka\u011fa \u00e7\u0131kma k\u0131s\u0131tlamas\u0131n\u0131n uygulanmad\u0131\u011f\u0131 hafta &hellip; <a href=\"https:\/\/mersinekonomipolitikagazetesi.com\/?p=6753\" class=\"more-link\">Devam\u0131n\u0131 Oku&#8230;<\/a><\/p>\n","protected":false},"author":1,"featured_media":0,"comment_status":"open","ping_status":"open","sticky":false,"template":"","format":"standard","meta":[],"categories":[],"tags":[],"_links":{"self":[{"href":"https:\/\/mersinekonomipolitikagazetesi.com\/index.php?rest_route=\/wp\/v2\/posts\/6753"}],"collection":[{"href":"https:\/\/mersinekonomipolitikagazetesi.com\/index.php?rest_route=\/wp\/v2\/posts"}],"about":[{"href":"https:\/\/mersinekonomipolitikagazetesi.com\/index.php?rest_route=\/wp\/v2\/types\/post"}],"author":[{"embeddable":true,"href":"https:\/\/mersinekonomipolitikagazetesi.com\/index.php?rest_route=\/wp\/v2\/users\/1"}],"replies":[{"embeddable":true,"href":"https:\/\/mersinekonomipolitikagazetesi.com\/index.php?rest_route=%2Fwp%2Fv2%2Fcomments&post=6753"}],"version-history":[{"count":0,"href":"https:\/\/mersinekonomipolitikagazetesi.com\/index.php?rest_route=\/wp\/v2\/posts\/6753\/revisions"}],"wp:attachment":[{"href":"https:\/\/mersinekonomipolitikagazetesi.com\/index.php?rest_route=%2Fwp%2Fv2%2Fmedia&parent=6753"}],"wp:term":[{"taxonomy":"category","embeddable":true,"href":"https:\/\/mersinekonomipolitikagazetesi.com\/index.php?rest_route=%2Fwp%2Fv2%2Fcategories&post=6753"},{"taxonomy":"post_tag","embeddable":true,"href":"https:\/\/mersinekonomipolitikagazetesi.com\/index.php?rest_route=%2Fwp%2Fv2%2Ftags&post=6753"}],"curies":[{"name":"wp","href":"https:\/\/api.w.org\/{rel}","templated":true}]}}