{"id":6758,"date":"2020-11-04T18:27:13","date_gmt":"2020-11-04T15:27:13","guid":{"rendered":"http:\/\/mersinekonomipolitikagazetesi.com\/?p=6758"},"modified":"2020-11-04T18:27:13","modified_gmt":"2020-11-04T15:27:13","slug":"mersinde-1-saat-yagan-dolu-tarlalara-zarar-verdi","status":"publish","type":"post","link":"https:\/\/mersinekonomipolitikagazetesi.com\/?p=6758","title":{"rendered":"Mersin&#8217;de 1 saat ya\u011fan dolu tarlalara zarar verdi"},"content":{"rendered":"<p><span style=\"line-height: 1.6em;\">Mersin&#8217;in Erdemli il\u00e7esinde \u015fiddetli dolu ya\u011f\u0131\u015f\u0131 etkili oldu. Dolu ya\u011f\u0131\u015f\u0131 dolay\u0131s\u0131yla meyve bah\u00e7eleri ile sebze tarlalar\u0131 zarar g\u00f6rd\u00fc.\u00a0<\/span><\/p>\n<p>Esenp\u0131nar Mahallesi\u2019nde aral\u0131klarla 1 saatten daha fazla dolu ya\u011f\u0131\u015f\u0131 etkili oldu. Etkili olan \u015fiddetli dolu ya\u011f\u0131\u015f\u0131 elma ba\u015fta olmak \u00fczere \u015feftali, erik, badem bah\u00e7eleri ile fasulye, biber gibi sebze ekili tarlalar\u0131nda zarara yol a\u00e7t\u0131. Ya\u011f\u0131\u015f dolay\u0131s\u0131yla olu\u015fan ta\u015fk\u0131n su sebebiyle de baz\u0131 bah\u00e7e ve tarlalar\u0131 da su bast\u0131.\u00a0<br \/>\n\u0130l\u00e7eye ba\u011fl\u0131 eski beldelerden Esenp\u0131nar&#8217;da \u00fcreticilik yapan Aziz Demirta\u015f, &#8220;Esenp\u0131nar mahallemizde \u015fiddetli dolu ya\u011f\u0131\u015f\u0131ndan dolay\u0131 \u00e7ift\u00e7ilerimiz b\u00fcy\u00fck felaket ya\u015fad\u0131lar. Allah daha beterinden esirgesin. Burada elma bah\u00e7elerimiz var. Fasulyelerimiz dikildi. Bunlar 1 saat, 1,5 saat s\u00fcren dolu ya\u011f\u0131\u015f\u0131ndan \u00e7ok etkilendi. Her taraf bembeyaz kar ya\u011fm\u0131\u015f gibi&#8221; dedi.\u00a0<br \/>\nRamazan Aydo\u011fdu ise, &#8220;Ceviz b\u00fcy\u00fckl\u00fc\u011f\u00fcnde dolu ya\u011fd\u0131. A\u011fa\u00e7lar\u0131m\u0131zdaki b\u00fct\u00fcn meyveler a\u015fa\u011f\u0131 indi. Yeni dikti\u011fimiz fidelerin hepsi \u00f6ld\u00fc. D\u0131\u015far\u0131daki arabalar mahvoldu&#8221; diye konu\u015ftu.\u00a0<br \/>\n\u00d6te yandan a\u015f\u0131r\u0131 ya\u011f\u0131\u015f dolay\u0131s\u0131yla baz\u0131 bah\u00e7e ve tarlalar\u0131 su bast\u0131. Vatanda\u015flar menfezleri kendi imkanlar\u0131yla a\u00e7maya \u00e7al\u0131\u015ft\u0131. Bah\u00e7e sahipleri menfezleri a\u00e7arken zaman zaman da zor anlar ya\u015fad\u0131.\u00a0<br \/>\nMahalle sakinlerinden \u015eahin Tekeli b\u00fcy\u00fck zarar\u0131n olu\u015ftu\u011funu belirterek, &#8220;\u015eiddetli dolu ve ya\u011fmur etkili oldu. Bodur elma bah\u00e7elerine b\u00fcy\u00fck zarar verdi. \u00c7ay\u0131roluk mevkisinde dolu daha tekili oldu. Elma bah\u00e7elerine \u00e7ekilen t\u00fcllerin direkleri y\u0131k\u0131ld\u0131. Esenp\u0131narl\u0131lar\u0131n b\u00fcy\u00fck zararlar\u0131 var&#8221; \u015feklinde konu\u015ftu.\u00a0<\/p>\n","protected":false},"excerpt":{"rendered":"<p>Mersin&#8217;in Erdemli il\u00e7esinde \u015fiddetli dolu ya\u011f\u0131\u015f\u0131 etkili oldu. Dolu ya\u011f\u0131\u015f\u0131 dolay\u0131s\u0131yla meyve bah\u00e7eleri ile sebze tarlalar\u0131 zarar g\u00f6rd\u00fc.\u00a0 Esenp\u0131nar Mahallesi\u2019nde aral\u0131klarla 1 saatten daha fazla dolu ya\u011f\u0131\u015f\u0131 etkili oldu. Etkili &hellip; <a href=\"https:\/\/mersinekonomipolitikagazetesi.com\/?p=6758\" class=\"more-link\">Devam\u0131n\u0131 Oku&#8230;<\/a><\/p>\n","protected":false},"author":1,"featured_media":0,"comment_status":"open","ping_status":"open","sticky":false,"template":"","format":"standard","meta":[],"categories":[],"tags":[],"_links":{"self":[{"href":"https:\/\/mersinekonomipolitikagazetesi.com\/index.php?rest_route=\/wp\/v2\/posts\/6758"}],"collection":[{"href":"https:\/\/mersinekonomipolitikagazetesi.com\/index.php?rest_route=\/wp\/v2\/posts"}],"about":[{"href":"https:\/\/mersinekonomipolitikagazetesi.com\/index.php?rest_route=\/wp\/v2\/types\/post"}],"author":[{"embeddable":true,"href":"https:\/\/mersinekonomipolitikagazetesi.com\/index.php?rest_route=\/wp\/v2\/users\/1"}],"replies":[{"embeddable":true,"href":"https:\/\/mersinekonomipolitikagazetesi.com\/index.php?rest_route=%2Fwp%2Fv2%2Fcomments&post=6758"}],"version-history":[{"count":0,"href":"https:\/\/mersinekonomipolitikagazetesi.com\/index.php?rest_route=\/wp\/v2\/posts\/6758\/revisions"}],"wp:attachment":[{"href":"https:\/\/mersinekonomipolitikagazetesi.com\/index.php?rest_route=%2Fwp%2Fv2%2Fmedia&parent=6758"}],"wp:term":[{"taxonomy":"category","embeddable":true,"href":"https:\/\/mersinekonomipolitikagazetesi.com\/index.php?rest_route=%2Fwp%2Fv2%2Fcategories&post=6758"},{"taxonomy":"post_tag","embeddable":true,"href":"https:\/\/mersinekonomipolitikagazetesi.com\/index.php?rest_route=%2Fwp%2Fv2%2Ftags&post=6758"}],"curies":[{"name":"wp","href":"https:\/\/api.w.org\/{rel}","templated":true}]}}