{"id":6762,"date":"2020-11-04T18:27:13","date_gmt":"2020-11-04T15:27:13","guid":{"rendered":"http:\/\/mersinekonomipolitikagazetesi.com\/?p=6762"},"modified":"2020-11-04T18:27:13","modified_gmt":"2020-11-04T15:27:13","slug":"akdenizde-30-bin-adet-ramazan-kolisinin-dagitimina-baslandi","status":"publish","type":"post","link":"https:\/\/mersinekonomipolitikagazetesi.com\/?p=6762","title":{"rendered":"Akdeniz\u2019de 30 bin adet Ramazan kolisinin da\u011f\u0131t\u0131m\u0131na ba\u015fland\u0131"},"content":{"rendered":"<p><span style=\"line-height: 1.6em;\">\u00a0Akdeniz Belediyesi taraf\u0131ndan, hay\u0131rseverlerin de deste\u011fiyle ihtiya\u00e7 sahibi vatanda\u015flar i\u00e7in haz\u0131rlanan 30 bin adet Ramazan kolisinin da\u011f\u0131t\u0131m\u0131na ba\u015fland\u0131. \u0130\u00e7erisinde g\u0131da malzemeleri bulunan kolilerin, ekipler taraf\u0131ndan il\u00e7e genelinde teslimi devam ediyor.\u00a0<\/span><\/p>\n<p>Akdeniz Belediyesinden yap\u0131lan a\u00e7\u0131klamaya g\u00f6re, Karacailyas Mahalle Evinden ara\u00e7lara y\u00fcklenen y\u00fczlerce g\u0131da kolisi, belediyenin g\u00f6revli ekipleri taraf\u0131ndan muhtarlar ve sivil toplum \u00f6rg\u00fctlerince tespit edilen ihtiya\u00e7 sahibi vatanda\u015flara ve soka\u011fa \u00e7\u0131kma yasa\u011f\u0131ndan etkilenen 65 ya\u015f ve \u00fcst\u00fc insanlara tek tek elden teslim ediliyor.\u00a0<br \/>\nRamazan ay\u0131 dolay\u0131s\u0131yla haz\u0131rlan\u0131p ihtiya\u00e7 sahibi insanlara da\u011f\u0131t\u0131lan g\u0131da kolilerinin i\u00e7inde siyah zeytin, tuz, makarna, nohut, \u015feker, m\u0131s\u0131r, pirin\u00e7, fasulye, bulgur, mercimek, un, sal\u00e7a, domates, re\u00e7el, ya\u011f, haz\u0131r \u00e7orba, \u00e7ay, s\u0131v\u0131 sabun ve pe\u00e7ete gibi g\u0131da ve hijyen \u00fcr\u00fcnler bulunuyor.\u00a0<br \/>\n\u00d6te yandan, Vefa Sosyal Destek Grubu bile\u015feni olan Akdeniz Belediyesi taraf\u0131ndan, Ramazan ay\u0131 boyunca her g\u00fcn 20 bin adet Ramazan pidesi de yine muhtarlar arac\u0131l\u0131\u011f\u0131yla ihtiya\u00e7 sahibi vatanda\u015flara ula\u015ft\u0131r\u0131l\u0131yor.\u00a0<\/p>\n<p>\u201cBirlik, beraberlik ve karde\u015fli\u011fimizi ya\u015fatmaya devam edece\u011fiz\u201d\u00a0<br \/>\nAkdeniz Belediye Ba\u015fkan\u0131 Muhammet Mustafa G\u00fcltak, \u201cRamazan ay\u0131; rahmet, ma\u011ffiret ve bereket ay\u0131d\u0131r. Korona vir\u00fcs salg\u0131n\u0131na kar\u015f\u0131 al\u0131nan tedbirler nedeniyle bu Ramazan\u2019da vatanda\u015flar\u0131m\u0131zla ayn\u0131 iftar sofralar\u0131nda olamasak bile birlik, beraberlik, yard\u0131mla\u015fma ve dayan\u0131\u015fman\u0131n en g\u00fczel \u00f6rneklerini ya\u015fatmaya devam edece\u011fiz. Akdeniz Belediyesi olarak, t\u00fcm ekiplerimizle birlikte 7 g\u00fcn 24 saat g\u00f6revimizin ba\u015f\u0131nday\u0131z. \u0130\u00e7erisinde temel g\u0131da malzemelerinin oldu\u011fu Ramazan kolilerini, muhtarlar\u0131m\u0131z arac\u0131l\u0131\u011f\u0131yla tespit etti\u011fimiz ve bize ba\u015fvuran ihtiya\u00e7 sahibi insanlar\u0131m\u0131za ula\u015ft\u0131r\u0131yoruz. Ramazan ay\u0131 boyunca insanlar\u0131m\u0131z\u0131n yan\u0131nda olmaya, karde\u015flik ve dayan\u0131\u015fma ruhu ile hareket etmeye devam edece\u011fiz. Bir kez daha vatanda\u015flar\u0131m\u0131z\u0131n ve \u0130slam Aleminin m\u00fcbarek Ramazan ay\u0131n\u0131 kutlar, tutulan oru\u00e7lar\u0131m\u0131z\u0131n ve ibaretlerimizin Allah kat\u0131nda kabul olmas\u0131n\u0131 dilerim\u201d dedi.\u00a0<\/p>\n","protected":false},"excerpt":{"rendered":"<p>\u00a0Akdeniz Belediyesi taraf\u0131ndan, hay\u0131rseverlerin de deste\u011fiyle ihtiya\u00e7 sahibi vatanda\u015flar i\u00e7in haz\u0131rlanan 30 bin adet Ramazan kolisinin da\u011f\u0131t\u0131m\u0131na ba\u015fland\u0131. \u0130\u00e7erisinde g\u0131da malzemeleri bulunan kolilerin, ekipler taraf\u0131ndan il\u00e7e genelinde teslimi devam ediyor.\u00a0 &hellip; <a href=\"https:\/\/mersinekonomipolitikagazetesi.com\/?p=6762\" class=\"more-link\">Devam\u0131n\u0131 Oku&#8230;<\/a><\/p>\n","protected":false},"author":1,"featured_media":0,"comment_status":"open","ping_status":"open","sticky":false,"template":"","format":"standard","meta":[],"categories":[],"tags":[],"_links":{"self":[{"href":"https:\/\/mersinekonomipolitikagazetesi.com\/index.php?rest_route=\/wp\/v2\/posts\/6762"}],"collection":[{"href":"https:\/\/mersinekonomipolitikagazetesi.com\/index.php?rest_route=\/wp\/v2\/posts"}],"about":[{"href":"https:\/\/mersinekonomipolitikagazetesi.com\/index.php?rest_route=\/wp\/v2\/types\/post"}],"author":[{"embeddable":true,"href":"https:\/\/mersinekonomipolitikagazetesi.com\/index.php?rest_route=\/wp\/v2\/users\/1"}],"replies":[{"embeddable":true,"href":"https:\/\/mersinekonomipolitikagazetesi.com\/index.php?rest_route=%2Fwp%2Fv2%2Fcomments&post=6762"}],"version-history":[{"count":0,"href":"https:\/\/mersinekonomipolitikagazetesi.com\/index.php?rest_route=\/wp\/v2\/posts\/6762\/revisions"}],"wp:attachment":[{"href":"https:\/\/mersinekonomipolitikagazetesi.com\/index.php?rest_route=%2Fwp%2Fv2%2Fmedia&parent=6762"}],"wp:term":[{"taxonomy":"category","embeddable":true,"href":"https:\/\/mersinekonomipolitikagazetesi.com\/index.php?rest_route=%2Fwp%2Fv2%2Fcategories&post=6762"},{"taxonomy":"post_tag","embeddable":true,"href":"https:\/\/mersinekonomipolitikagazetesi.com\/index.php?rest_route=%2Fwp%2Fv2%2Ftags&post=6762"}],"curies":[{"name":"wp","href":"https:\/\/api.w.org\/{rel}","templated":true}]}}