{"id":6772,"date":"2020-11-04T18:27:14","date_gmt":"2020-11-04T15:27:14","guid":{"rendered":"http:\/\/mersinekonomipolitikagazetesi.com\/?p=6772"},"modified":"2020-11-04T18:27:14","modified_gmt":"2020-11-04T15:27:14","slug":"hal-sezonu-kayisi-bahcesinde-acildi","status":"publish","type":"post","link":"https:\/\/mersinekonomipolitikagazetesi.com\/?p=6772","title":{"rendered":"Hal sezonu kay\u0131s\u0131 bah\u00e7esinde a\u00e7\u0131ld\u0131"},"content":{"rendered":"<p>Mersin&#8217;in Mut il\u00e7esinde sebze ve meyve toptanc\u0131 hali esnaf\u0131, sezonu kay\u0131s\u0131 bah\u00e7esinde dualarla a\u00e7t\u0131. Mevsimlik olarak faaliyet g\u00f6steren Mersin B\u00fcy\u00fck\u015fehir Mut Sebze ve Meyve Toptanc\u0131 Hali, T\u00fcrkiye&#8217;nin turfanda erik ve kay\u0131s\u0131 sezonunda Nisan ile Temmuz aylar\u0131 aras\u0131nda hizmet veriyor.\u00a0<br \/>\nSezon a\u00e7\u0131l\u0131\u015f\u0131 Mut Ziraat Odas\u0131 Ba\u015fkan\u0131 H\u0131d\u0131r Kar\u2019\u0131n Palantepe Mahallesinde bulunan kay\u0131s\u0131 bah\u00e7esinde yap\u0131ld\u0131. Kay\u0131s\u0131 bah\u00e7esine gelen protokol kay\u0131s\u0131 toplayarak sezonu a\u00e7t\u0131.\u00a0<br \/>\nMersin B\u00fcy\u00fck\u015fehir Mut Ya\u015f Meyve ve Sebze Komisyoncular\u0131 Derne\u011fi Ba\u015fkan\u0131 Mehmet Ali Acar, a\u00e7\u0131l\u0131\u015f t\u00f6reninde yapt\u0131\u011f\u0131 konu\u015fmada, \u201cKay\u0131s\u0131da hal fiyat\u0131m\u0131z 8 ile 10 lira aras\u0131nda. 6 lira ile 8 lira aras\u0131nda da erik devam etmekte. 2020 y\u0131l\u0131nda hayallere s\u0131\u011fmayacak kadar ba\u015far\u0131l\u0131 bir ticaret yap\u0131lmaktad\u0131r. Mut\u2019ta herhangi bir engel yok. Bug\u00fcn i\u00e7 piyasada \u00fcr\u00fcnlerimiz neredeyse ihracatla yar\u0131\u015fmakta. \u015eu ana kadar hen\u00fcz yeni ba\u015flamas\u0131na ra\u011fmen 15 tane ihracat\u00e7\u0131 firma halimizden kay\u0131s\u0131 almakta. Yar\u0131nlar i\u00e7in Mut ekonomisinin kay\u0131s\u0131 ad\u0131na \u00e7ok iyi olaca\u011f\u0131n\u0131 d\u00fc\u015f\u00fcn\u00fcyorum. \u0130n\u015fallah hay\u0131rlara vesile olup hay\u0131rl\u0131 u\u011furlu olsun diyorum\u201d dedi.\u00a0<br \/>\nMut Belediye Ba\u015fkan\u0131 Volkan \u015eeker ise kay\u0131s\u0131 sezonunun iyi ba\u015flad\u0131\u011f\u0131n\u0131 belirterek b\u00f6yle de bitmesini temenni etti.\u00a0<br \/>\nMut Kaymakam\u0131 Muammer K\u00f6ken de, \u201c\u00dcretimimiz devam ediyor, bu zorlu s\u00fcre\u00e7te hallerimiz cumartesi pazar da kapanm\u0131yor. Sezonun hay\u0131rl\u0131 olmas\u0131n\u0131 diliyoruz\u201d dedi.\u00a0<br \/>\n\u0130l\u00e7e m\u00fcftl\u00fc\u011f\u00fc g\u00f6revlileri taraf\u0131ndan dua okunduktan sonra, hep birlikte kay\u0131s\u0131 toplad\u0131lar. \u00a0<\/p>\n","protected":false},"excerpt":{"rendered":"<p>Mersin&#8217;in Mut il\u00e7esinde sebze ve meyve toptanc\u0131 hali esnaf\u0131, sezonu kay\u0131s\u0131 bah\u00e7esinde dualarla a\u00e7t\u0131. Mevsimlik olarak faaliyet g\u00f6steren Mersin B\u00fcy\u00fck\u015fehir Mut Sebze ve Meyve Toptanc\u0131 Hali, T\u00fcrkiye&#8217;nin turfanda erik ve &hellip; <a href=\"https:\/\/mersinekonomipolitikagazetesi.com\/?p=6772\" class=\"more-link\">Devam\u0131n\u0131 Oku&#8230;<\/a><\/p>\n","protected":false},"author":1,"featured_media":0,"comment_status":"open","ping_status":"open","sticky":false,"template":"","format":"standard","meta":[],"categories":[],"tags":[],"_links":{"self":[{"href":"https:\/\/mersinekonomipolitikagazetesi.com\/index.php?rest_route=\/wp\/v2\/posts\/6772"}],"collection":[{"href":"https:\/\/mersinekonomipolitikagazetesi.com\/index.php?rest_route=\/wp\/v2\/posts"}],"about":[{"href":"https:\/\/mersinekonomipolitikagazetesi.com\/index.php?rest_route=\/wp\/v2\/types\/post"}],"author":[{"embeddable":true,"href":"https:\/\/mersinekonomipolitikagazetesi.com\/index.php?rest_route=\/wp\/v2\/users\/1"}],"replies":[{"embeddable":true,"href":"https:\/\/mersinekonomipolitikagazetesi.com\/index.php?rest_route=%2Fwp%2Fv2%2Fcomments&post=6772"}],"version-history":[{"count":0,"href":"https:\/\/mersinekonomipolitikagazetesi.com\/index.php?rest_route=\/wp\/v2\/posts\/6772\/revisions"}],"wp:attachment":[{"href":"https:\/\/mersinekonomipolitikagazetesi.com\/index.php?rest_route=%2Fwp%2Fv2%2Fmedia&parent=6772"}],"wp:term":[{"taxonomy":"category","embeddable":true,"href":"https:\/\/mersinekonomipolitikagazetesi.com\/index.php?rest_route=%2Fwp%2Fv2%2Fcategories&post=6772"},{"taxonomy":"post_tag","embeddable":true,"href":"https:\/\/mersinekonomipolitikagazetesi.com\/index.php?rest_route=%2Fwp%2Fv2%2Ftags&post=6772"}],"curies":[{"name":"wp","href":"https:\/\/api.w.org\/{rel}","templated":true}]}}