{"id":6773,"date":"2020-11-04T18:27:14","date_gmt":"2020-11-04T15:27:14","guid":{"rendered":"http:\/\/mersinekonomipolitikagazetesi.com\/?p=6773"},"modified":"2020-11-04T18:27:14","modified_gmt":"2020-11-04T15:27:14","slug":"gazetecilere-covid-19-testi-yapilmali","status":"publish","type":"post","link":"https:\/\/mersinekonomipolitikagazetesi.com\/?p=6773","title":{"rendered":"GAZETEC\u0130LERE COV\u0130D-19 TEST\u0130 YAPILMALI"},"content":{"rendered":"<p>T\u00fcrkiye ve Mersin\u2019de bas\u0131n \u00e7al\u0131\u015fanlar\u0131 iktidardan kendilerine y\u00f6nelik Covid-19 test talebinde bulundu.\u00a0<br \/>\nCovid-19 ile m\u00fccadelede vatanda\u015flar\u0131n haber alma hakk\u0131n\u0131 ger\u00e7ekle\u015ftirebilmek i\u00e7in \u00e7al\u0131\u015fan bas\u0131n emek\u00e7ileri, T\u00fcrkiye genelinde ve Mersin\u2019de bas\u0131n emek\u00e7ilerine y\u00f6nelik test \u00e7al\u0131\u015fmalar\u0131n\u0131n ba\u015flamas\u0131 talebinde bulundu. Bir\u00e7ok kalabal\u0131k ortamda bulunduklar\u0131n\u0131 ve haber verme \u00e7abas\u0131 i\u00e7erisinde zor g\u00fcnler ge\u00e7irdiklerini belirten bas\u0131n \u00e7al\u0131\u015fanlar\u0131, \u201cBizler hastanelere ve hasta insanlara bir\u00e7ok ki\u015fiden daha yak\u0131n durumday\u0131z. Mesle\u011fimiz gere\u011fi kalabal\u0131k ortamlarda her durumda insanlarla irtibat halindeyiz. \u00c7al\u0131\u015fan risk gruplar\u0131 i\u00e7erisinde yerimiz g\u00f6z ard\u0131 edilmezse bizlerin de Covid-19 testine \u00a0tabii tutulmas\u0131 gerekiyor.\u201d diyerek bas\u0131n \u00e7al\u0131\u015fanlar\u0131na y\u00f6nelik test \u00e7al\u0131\u015fmas\u0131 ba\u015flat\u0131lmas\u0131n\u0131 istediler.<\/p>\n<p>KKTC Sa\u011fl\u0131k Bakan\u0131 Ali Pilli\u2019nin bas\u0131n emek\u00e7ilerine y\u00f6nelik Covid-19 test \u00e7al\u0131\u015fmas\u0131 ba\u015flatma giri\u015fimi dikkat \u00e7ekti.\u00a0<\/p>\n<p>Bas\u0131n- Sen, K\u0131br\u0131s T\u00fcrk Gazeteciler Birli\u011fi (KTGB), Dev-\u0130\u015f, D\u0131\u015f Bas\u0131n Birli\u011fi, Bay-Sen, Haber Kameramanlar\u0131 Derne\u011fi ve K\u0131br\u0131s T\u00fcrk Spor Yazarlar\u0131 Derne\u011fi (KTSYD) d\u00fczenledikleri ortak bas\u0131n bildirisiyle Covid-19 ile m\u00fccadelede haber almada \u00f6nemli rol oynayan bas\u0131n emek\u00e7ilerine y\u00f6nelik test \u00e7al\u0131\u015fmalar\u0131n\u0131n ba\u015flat\u0131laca\u011f\u0131 bilgisini sundu. Kuzey K\u0131br\u0131s T\u00fcrk Cumhuriyeti Sa\u011fl\u0131k Bakan\u0131 Ali Pilli\u2019nin bas\u0131n emek\u00e7ilerine y\u00f6nelik bu olumlu tavr\u0131 T\u00fcrkiye\u2019de de dikkat \u00e7ekti.\u00a0<\/p>\n","protected":false},"excerpt":{"rendered":"<p>T\u00fcrkiye ve Mersin\u2019de bas\u0131n \u00e7al\u0131\u015fanlar\u0131 iktidardan kendilerine y\u00f6nelik Covid-19 test talebinde bulundu.\u00a0 Covid-19 ile m\u00fccadelede vatanda\u015flar\u0131n haber alma hakk\u0131n\u0131 ger\u00e7ekle\u015ftirebilmek i\u00e7in \u00e7al\u0131\u015fan bas\u0131n emek\u00e7ileri, T\u00fcrkiye genelinde ve Mersin\u2019de bas\u0131n emek\u00e7ilerine &hellip; <a href=\"https:\/\/mersinekonomipolitikagazetesi.com\/?p=6773\" class=\"more-link\">Devam\u0131n\u0131 Oku&#8230;<\/a><\/p>\n","protected":false},"author":1,"featured_media":0,"comment_status":"open","ping_status":"open","sticky":false,"template":"","format":"standard","meta":[],"categories":[],"tags":[],"_links":{"self":[{"href":"https:\/\/mersinekonomipolitikagazetesi.com\/index.php?rest_route=\/wp\/v2\/posts\/6773"}],"collection":[{"href":"https:\/\/mersinekonomipolitikagazetesi.com\/index.php?rest_route=\/wp\/v2\/posts"}],"about":[{"href":"https:\/\/mersinekonomipolitikagazetesi.com\/index.php?rest_route=\/wp\/v2\/types\/post"}],"author":[{"embeddable":true,"href":"https:\/\/mersinekonomipolitikagazetesi.com\/index.php?rest_route=\/wp\/v2\/users\/1"}],"replies":[{"embeddable":true,"href":"https:\/\/mersinekonomipolitikagazetesi.com\/index.php?rest_route=%2Fwp%2Fv2%2Fcomments&post=6773"}],"version-history":[{"count":0,"href":"https:\/\/mersinekonomipolitikagazetesi.com\/index.php?rest_route=\/wp\/v2\/posts\/6773\/revisions"}],"wp:attachment":[{"href":"https:\/\/mersinekonomipolitikagazetesi.com\/index.php?rest_route=%2Fwp%2Fv2%2Fmedia&parent=6773"}],"wp:term":[{"taxonomy":"category","embeddable":true,"href":"https:\/\/mersinekonomipolitikagazetesi.com\/index.php?rest_route=%2Fwp%2Fv2%2Fcategories&post=6773"},{"taxonomy":"post_tag","embeddable":true,"href":"https:\/\/mersinekonomipolitikagazetesi.com\/index.php?rest_route=%2Fwp%2Fv2%2Ftags&post=6773"}],"curies":[{"name":"wp","href":"https:\/\/api.w.org\/{rel}","templated":true}]}}