{"id":6775,"date":"2020-11-04T18:27:14","date_gmt":"2020-11-04T15:27:14","guid":{"rendered":"http:\/\/mersinekonomipolitikagazetesi.com\/?p=6775"},"modified":"2020-11-04T18:27:14","modified_gmt":"2020-11-04T15:27:14","slug":"korona-ekmek-kuyrugunda-unutuldu","status":"publish","type":"post","link":"https:\/\/mersinekonomipolitikagazetesi.com\/?p=6775","title":{"rendered":"KORONA EKMEK KUYRU\u011eUNDA  UNUTULDU!"},"content":{"rendered":"<p>Maskesiz ve eldivensiz \u015fekilde ekmek s\u0131ras\u0131 bekleyenler yasak ve iftar nedeniyle kalabal\u0131k olu\u015fturdu..!<\/p>\n<p>Mersinliler halk ekme\u011fi kuyru\u011funda Covid-19\u2019u g\u00f6rmezden geldi. Ekmek s\u0131ras\u0131 bekleyen vatanda\u015flar maskesiz ve eldivensiz sosyal mesafeyi hi\u00e7e sayd\u0131.\u00a0<\/p>\n<p>Soka\u011fa \u00e7\u0131kma k\u0131s\u0131tlamas\u0131n\u0131n ger\u00e7ekle\u015fmesine saatler kala ekmek almak i\u00e7in s\u0131raya giren vatanda\u015flar Covid-19 salg\u0131n\u0131n\u0131n hi\u00e7e say\u0131ld\u0131\u011f\u0131 bir manzara sundu.\u00a0<br \/>\nMersin\u2019in Akdeniz il\u00e7esinde yer alan Mersin B\u00fcy\u00fck\u015fehir Belediyesi\u2019ne ait halk ekmek b\u00fcfesi \u00f6n\u00fcnde bekleyen vatanda\u015flar sosyal mesafe kural\u0131n\u0131 g\u00f6z ard\u0131 etti. Maskesiz ve eldivensiz \u015fekilde ekmek s\u0131ras\u0131 bekleyenler yasak ve iftar nedeniyle kalabal\u0131k olu\u015fturdu.<\/p>\n<p>\u201c\u0130ftar ve yasak ortaya bu manzaray\u0131 \u00e7\u0131kard\u0131\u201d<\/p>\n<p>Duyarl\u0131 Mersinliler, \u201cG\u00f6rmeye al\u0131\u015ft\u0131\u011f\u0131m\u0131z manzaralar bunlar. Yasak ve iftar da birbirlerine denk gelince vatanda\u015flar sosyal mesafeyi g\u00f6z ard\u0131 edebiliyorlar. Ne yaz\u0131k ki ya\u015fan\u0131lan g\u00f6r\u00fcnt\u00fc bilincsiz hareket etmenin sonucu ortaya \u00e7\u0131k\u0131yor.\u201d diye konu\u015ftu.<\/p>\n","protected":false},"excerpt":{"rendered":"<p>Maskesiz ve eldivensiz \u015fekilde ekmek s\u0131ras\u0131 bekleyenler yasak ve iftar nedeniyle kalabal\u0131k olu\u015fturdu..! Mersinliler halk ekme\u011fi kuyru\u011funda Covid-19\u2019u g\u00f6rmezden geldi. Ekmek s\u0131ras\u0131 bekleyen vatanda\u015flar maskesiz ve eldivensiz sosyal mesafeyi hi\u00e7e &hellip; <a href=\"https:\/\/mersinekonomipolitikagazetesi.com\/?p=6775\" class=\"more-link\">Devam\u0131n\u0131 Oku&#8230;<\/a><\/p>\n","protected":false},"author":1,"featured_media":0,"comment_status":"open","ping_status":"open","sticky":false,"template":"","format":"standard","meta":[],"categories":[],"tags":[],"_links":{"self":[{"href":"https:\/\/mersinekonomipolitikagazetesi.com\/index.php?rest_route=\/wp\/v2\/posts\/6775"}],"collection":[{"href":"https:\/\/mersinekonomipolitikagazetesi.com\/index.php?rest_route=\/wp\/v2\/posts"}],"about":[{"href":"https:\/\/mersinekonomipolitikagazetesi.com\/index.php?rest_route=\/wp\/v2\/types\/post"}],"author":[{"embeddable":true,"href":"https:\/\/mersinekonomipolitikagazetesi.com\/index.php?rest_route=\/wp\/v2\/users\/1"}],"replies":[{"embeddable":true,"href":"https:\/\/mersinekonomipolitikagazetesi.com\/index.php?rest_route=%2Fwp%2Fv2%2Fcomments&post=6775"}],"version-history":[{"count":0,"href":"https:\/\/mersinekonomipolitikagazetesi.com\/index.php?rest_route=\/wp\/v2\/posts\/6775\/revisions"}],"wp:attachment":[{"href":"https:\/\/mersinekonomipolitikagazetesi.com\/index.php?rest_route=%2Fwp%2Fv2%2Fmedia&parent=6775"}],"wp:term":[{"taxonomy":"category","embeddable":true,"href":"https:\/\/mersinekonomipolitikagazetesi.com\/index.php?rest_route=%2Fwp%2Fv2%2Fcategories&post=6775"},{"taxonomy":"post_tag","embeddable":true,"href":"https:\/\/mersinekonomipolitikagazetesi.com\/index.php?rest_route=%2Fwp%2Fv2%2Ftags&post=6775"}],"curies":[{"name":"wp","href":"https:\/\/api.w.org\/{rel}","templated":true}]}}