{"id":6777,"date":"2020-11-04T18:27:14","date_gmt":"2020-11-04T15:27:14","guid":{"rendered":"http:\/\/mersinekonomipolitikagazetesi.com\/?p=6777"},"modified":"2020-11-04T18:27:14","modified_gmt":"2020-11-04T15:27:14","slug":"karantinasi-biten-167-kisi-memleketlerine-gonderildi","status":"publish","type":"post","link":"https:\/\/mersinekonomipolitikagazetesi.com\/?p=6777","title":{"rendered":"Karantinas\u0131  biten 167 ki\u015fi  memleketlerine g\u00f6nderildi"},"content":{"rendered":"<p>Korona vir\u00fcs salg\u0131n\u0131 \u00f6nlemleri \u00e7er\u00e7evesinde 20 Nisan\u2019da Suudi Arabistan\u2019dan Mersin\u2019e getirilerek karantinaya al\u0131nan 167 ki\u015fi, 14 g\u00fcnl\u00fck s\u00fcreyi doldurarak bug\u00fcn memleketlerine g\u00f6nderildi. Kald\u0131klar\u0131 yurttan 7 otob\u00fcsle evlerine do\u011fru yola \u00e7\u0131kan vatanda\u015flar, \u201cHer \u015fey \u00e7ok g\u00fczeldi, \u00e7ok te\u015fekk\u00fcr ederiz\u201d diyerek Mersin\u2019den ayr\u0131ld\u0131lar.\u00a0<br \/>\nKorona vir\u00fcs (Covid-19) salg\u0131n\u0131 nedeniyle Suudi Arabistan&#8217;dan getirilen ve 14 g\u00fcnl\u00fck karantina s\u00fcresini yerle\u015ftirildikleri Kredi Yurtlar Kurumuna ba\u011fl\u0131 Mersin K\u0131rk Ka\u015f\u0131k K\u0131z Yurdunda ge\u00e7iren 167 T\u00fcrk vatanda\u015f\u0131, Mersin \u0130l Afet ve Acil Durum M\u00fcd\u00fcrl\u00fc\u011f\u00fc (AFAD) ile emniyet g\u00f6revlileri taraf\u0131ndan tek tek otob\u00fcslere yerle\u015ftirildi. Yurt bah\u00e7esinde valizleriyle birlikte tek s\u0131ra halinde otob\u00fcse binmek i\u00e7in bekleyen vatanda\u015flar, geni\u015f g\u00fcvenlik \u00f6nlemleri alt\u0131nda ate\u015fleri \u00f6l\u00e7\u00fclerek otob\u00fcslere al\u0131nd\u0131. Otob\u00fcslere sosyal mesafe kurallar\u0131na uyularak her koltukta bir ki\u015fi olacak \u015fekilde oturtulan 167 ki\u015fi, 7 otob\u00fcsle memleketlerine do\u011fru yola \u00e7\u0131kt\u0131. Vatanda\u015flar, memleketlerinde ailelerine teslim edilecekler.\u00a0<\/p>\n<p>\u201cHer \u015fey \u00e7ok g\u00fczeldi. Her \u015fey i\u00e7in \u00e7ok te\u015fekk\u00fcr ederiz\u201d<br \/>\n\u00a0<br \/>\nKarantinas\u0131 dolduran bir vatanda\u015f, otob\u00fcse binmeden \u00f6nce gazetecilere konu\u015farak, karantina s\u00fcresinin \u00e7ok iyi ge\u00e7ti\u011fini s\u00f6yledi. Eme\u011fi ge\u00e7enlere te\u015fekk\u00fcr eden vatanda\u015f, \u201cHer \u015fey \u00e7ok g\u00fczeldi, \u00e7ok iyiydi. Herkesin ellerine sa\u011fl\u0131k; her \u015fey i\u00e7in \u00e7ok te\u015fekk\u00fcr ederiz. \u015eimdi Samanda\u011f\u2019a gidiyoruz\u201d dedi. \u00a0<\/p>\n","protected":false},"excerpt":{"rendered":"<p>Korona vir\u00fcs salg\u0131n\u0131 \u00f6nlemleri \u00e7er\u00e7evesinde 20 Nisan\u2019da Suudi Arabistan\u2019dan Mersin\u2019e getirilerek karantinaya al\u0131nan 167 ki\u015fi, 14 g\u00fcnl\u00fck s\u00fcreyi doldurarak bug\u00fcn memleketlerine g\u00f6nderildi. Kald\u0131klar\u0131 yurttan 7 otob\u00fcsle evlerine do\u011fru yola \u00e7\u0131kan &hellip; <a href=\"https:\/\/mersinekonomipolitikagazetesi.com\/?p=6777\" class=\"more-link\">Devam\u0131n\u0131 Oku&#8230;<\/a><\/p>\n","protected":false},"author":1,"featured_media":0,"comment_status":"open","ping_status":"open","sticky":false,"template":"","format":"standard","meta":[],"categories":[],"tags":[],"_links":{"self":[{"href":"https:\/\/mersinekonomipolitikagazetesi.com\/index.php?rest_route=\/wp\/v2\/posts\/6777"}],"collection":[{"href":"https:\/\/mersinekonomipolitikagazetesi.com\/index.php?rest_route=\/wp\/v2\/posts"}],"about":[{"href":"https:\/\/mersinekonomipolitikagazetesi.com\/index.php?rest_route=\/wp\/v2\/types\/post"}],"author":[{"embeddable":true,"href":"https:\/\/mersinekonomipolitikagazetesi.com\/index.php?rest_route=\/wp\/v2\/users\/1"}],"replies":[{"embeddable":true,"href":"https:\/\/mersinekonomipolitikagazetesi.com\/index.php?rest_route=%2Fwp%2Fv2%2Fcomments&post=6777"}],"version-history":[{"count":0,"href":"https:\/\/mersinekonomipolitikagazetesi.com\/index.php?rest_route=\/wp\/v2\/posts\/6777\/revisions"}],"wp:attachment":[{"href":"https:\/\/mersinekonomipolitikagazetesi.com\/index.php?rest_route=%2Fwp%2Fv2%2Fmedia&parent=6777"}],"wp:term":[{"taxonomy":"category","embeddable":true,"href":"https:\/\/mersinekonomipolitikagazetesi.com\/index.php?rest_route=%2Fwp%2Fv2%2Fcategories&post=6777"},{"taxonomy":"post_tag","embeddable":true,"href":"https:\/\/mersinekonomipolitikagazetesi.com\/index.php?rest_route=%2Fwp%2Fv2%2Ftags&post=6777"}],"curies":[{"name":"wp","href":"https:\/\/api.w.org\/{rel}","templated":true}]}}