{"id":6778,"date":"2020-11-04T18:27:14","date_gmt":"2020-11-04T15:27:14","guid":{"rendered":"http:\/\/mersinekonomipolitikagazetesi.com\/?p=6778"},"modified":"2020-11-04T18:27:14","modified_gmt":"2020-11-04T15:27:14","slug":"millet-bahcesi-kosesindeki-bufe-alana-dahil-edilmeli","status":"publish","type":"post","link":"https:\/\/mersinekonomipolitikagazetesi.com\/?p=6778","title":{"rendered":"Millet Bah\u00e7esi k\u00f6\u015fesindeki b\u00fcfe ALANA DAH\u0130L ED\u0130LMEL\u0130"},"content":{"rendered":"<p>Mersin Millet Bah\u00e7esi yap\u0131m\u0131 h\u0131zla devam ederken, \u00e7al\u0131\u015fma alan\u0131n\u0131n s\u0131n\u0131r\u0131nda kalan B\u00fcfe i\u00e7in \u00e7evredeki vatanda\u015flar, &#8220;B\u00fcfe neden Millet Bah\u00e7esi&#8217;nin d\u0131\u015f\u0131nda b\u0131rak\u0131lm\u0131\u015f. Alan\u0131n i\u00e7ine dahil edilip d\u00fczenlenmesi gerekiyor.&#8221; dedi.<\/p>\n<p>Mersinli vatanda\u015flar\u0131 daha \u00e7ok ye\u015fille bulu\u015fturacak Mersin Millet Bah\u00e7esi&#8217;nin \u00e7al\u0131\u015fmalar\u0131 koronavir\u00fcs salg\u0131n\u0131 ve soka\u011fa \u00e7\u0131kma yasa\u011f\u0131na ra\u011fmen h\u0131z keseden devam\u0131 ediyor.<br \/>\nBitki ve peyzaj\u0131 ile \u015fehre yeni bir soluk getirecek Millet Bah\u00e7esi projesi, i\u00e7erisinde bar\u0131nd\u0131raca\u011f\u0131 sosyal donat\u0131 alanlar\u0131yla, ye\u015filiyle, Millet K\u0131raathanesi&#8217;yle, y\u00fcr\u00fcy\u00fc\u015f parkurlar\u0131yla, dinlenme ve piknik alanlar\u0131yla do\u011fa ile i\u00e7 i\u00e7e yepyeni bir sosyal ya\u015fam alan\u0131 olacak. Projenin mevcut alan\u0131n\u0131n s\u0131n\u0131r\u0131nda kalan cadde kenar\u0131ndaki Tekel B\u00fcfe&#8217;si ise hi\u00e7 bir m\u00fcdahale edilmeden \u00e7al\u0131\u015fma d\u0131\u015f\u0131nda b\u0131rak\u0131lm\u0131\u015f. \u00c7evredeki vatanda\u015flar B\u00fcfenin kald\u0131r\u0131lmas\u0131, Millet Bah\u00e7esi&#8217;ne yak\u0131\u015f\u0131r bir \u015fekilde projeye dahil edilmesi gerekti\u011fi g\u00f6r\u00fc\u015f\u00fcnde. Vatanda\u015flar, &#8220;Millet Bah\u00e7esi k\u00f6\u015fesindeki b\u00fcfe neden y\u0131k\u0131l\u0131p alana dahil edilmiyor?\u00a0<\/p>\n<p>Yeni bir d\u00fczenleme yap\u0131larak projeye dahil edilmesi gerekiyor. Bu \u015fekilde estetikten uzak bir g\u00f6r\u00fcnt\u00fc Mersin Millet Bah\u00e7esi&#8217;ne yak\u0131\u015fmaz!&#8221; ifadelerini kulland\u0131.\u00a0<\/p>\n","protected":false},"excerpt":{"rendered":"<p>Mersin Millet Bah\u00e7esi yap\u0131m\u0131 h\u0131zla devam ederken, \u00e7al\u0131\u015fma alan\u0131n\u0131n s\u0131n\u0131r\u0131nda kalan B\u00fcfe i\u00e7in \u00e7evredeki vatanda\u015flar, &#8220;B\u00fcfe neden Millet Bah\u00e7esi&#8217;nin d\u0131\u015f\u0131nda b\u0131rak\u0131lm\u0131\u015f. Alan\u0131n i\u00e7ine dahil edilip d\u00fczenlenmesi gerekiyor.&#8221; dedi. Mersinli vatanda\u015flar\u0131 &hellip; <a href=\"https:\/\/mersinekonomipolitikagazetesi.com\/?p=6778\" class=\"more-link\">Devam\u0131n\u0131 Oku&#8230;<\/a><\/p>\n","protected":false},"author":1,"featured_media":0,"comment_status":"open","ping_status":"open","sticky":false,"template":"","format":"standard","meta":[],"categories":[],"tags":[],"_links":{"self":[{"href":"https:\/\/mersinekonomipolitikagazetesi.com\/index.php?rest_route=\/wp\/v2\/posts\/6778"}],"collection":[{"href":"https:\/\/mersinekonomipolitikagazetesi.com\/index.php?rest_route=\/wp\/v2\/posts"}],"about":[{"href":"https:\/\/mersinekonomipolitikagazetesi.com\/index.php?rest_route=\/wp\/v2\/types\/post"}],"author":[{"embeddable":true,"href":"https:\/\/mersinekonomipolitikagazetesi.com\/index.php?rest_route=\/wp\/v2\/users\/1"}],"replies":[{"embeddable":true,"href":"https:\/\/mersinekonomipolitikagazetesi.com\/index.php?rest_route=%2Fwp%2Fv2%2Fcomments&post=6778"}],"version-history":[{"count":0,"href":"https:\/\/mersinekonomipolitikagazetesi.com\/index.php?rest_route=\/wp\/v2\/posts\/6778\/revisions"}],"wp:attachment":[{"href":"https:\/\/mersinekonomipolitikagazetesi.com\/index.php?rest_route=%2Fwp%2Fv2%2Fmedia&parent=6778"}],"wp:term":[{"taxonomy":"category","embeddable":true,"href":"https:\/\/mersinekonomipolitikagazetesi.com\/index.php?rest_route=%2Fwp%2Fv2%2Fcategories&post=6778"},{"taxonomy":"post_tag","embeddable":true,"href":"https:\/\/mersinekonomipolitikagazetesi.com\/index.php?rest_route=%2Fwp%2Fv2%2Ftags&post=6778"}],"curies":[{"name":"wp","href":"https:\/\/api.w.org\/{rel}","templated":true}]}}