{"id":6782,"date":"2020-11-04T18:27:14","date_gmt":"2020-11-04T15:27:14","guid":{"rendered":"http:\/\/mersinekonomipolitikagazetesi.com\/?p=6782"},"modified":"2020-11-04T18:27:14","modified_gmt":"2020-11-04T15:27:14","slug":"mersini-yonetenler-hava-kirliliginden-ders-alacak-mi","status":"publish","type":"post","link":"https:\/\/mersinekonomipolitikagazetesi.com\/?p=6782","title":{"rendered":"MERS\u0130N\u2019\u0130 Y\u00d6NETENLER HAVA K\u0130RL\u0130L\u0130\u011e\u0130NDEN  DERS ALACAK MI?"},"content":{"rendered":"<p>Koronavir\u00fcs<br \/>\n (COVID-19) salg\u0131n\u0131 nedeni ile D\u00fcnya genelinde ve \u00fclkemizdeki bir\u00e7ok kentte havakirlili\u011finde ciddi bir azalma ya\u015fan\u0131rken, zaman\u0131nda ve gerekli \u00f6l\u00e7\u00fcm yap\u0131lmad\u0131\u011f\u0131ndan Mersin\u2019in hava kirlili\u011finde herhangi bir d\u00fc\u015f\u00fc\u015f olup olmad\u0131\u011f\u0131 net olarak bilinmiyor!<\/p>\n<p>COVID-19 salg\u0131n\u0131 sonras\u0131nda t\u00fcm D\u00fcnya\u2019da do\u011fa ve \u00e7evre kirlili\u011fi yeniden g\u00fcndeme geliyor. T\u00fcm D\u00fcnya\u2019da salg\u0131n sonras\u0131 karbon sal\u0131n\u0131m\u0131n\u0131n azalt\u0131lmas\u0131 tart\u0131\u015f\u0131l\u0131yor. Havalar\u0131n da \u0131s\u0131nmas\u0131yla birlikte b\u00fcy\u00fck\u015fehirlerde hava kirlili\u011finin azald\u0131\u011f\u0131 g\u00f6zlemleniyor. Mersin\u2019de de daha \u00f6nce valilik taraf\u0131ndan yap\u0131lan hava kirlili\u011fi \u00f6l\u00e7\u00fcmlerinin yeterli olup olmad\u0131\u011f\u0131 g\u00fcndeme gelmi\u015fti. \u00c7evre ve \u015eehircilik Bakanl\u0131\u011f\u0131&#8217;ndan edinilen bilgilere g\u00f6re bu s\u00fcre\u00e7te hava kalitesi \u00f6l\u00e7\u00fcmleri yap\u0131lmad\u0131\u011f\u0131ndan, Mersin\u2019in hava kirlili\u011finde herhangi bir d\u00fc\u015f\u00fc\u015f g\u00f6r\u00fclmedi\u011fi bilimsel olarak bilinmiyor.<\/p>\n<p>KARBON SALINIMINDA PETROL T\u00dcREVLER\u0130 B\u0130R\u0130NC\u0130 SIRADA!<\/p>\n<p>Karbon sal\u0131n\u0131m\u0131n\u0131n fosil k\u00f6kenli yak\u0131tlar\u0131n -petrol t\u00fcrevleri- kullan\u0131m\u0131ndan kaynakland\u0131\u011f\u0131 biliniyor.<br \/>\nUzmanlar, Mersin\u2019de ba\u015fta b\u00fcy\u00fck sanayi kurulu\u015flar\u0131 olmak \u00fczere, yoksul mahallelerde siyasi rant i\u00e7in vatanda\u015flara da\u011f\u0131t\u0131lan ucuz k\u00f6m\u00fcr kullan\u0131m\u0131 ile Organize Sanayi B\u00f6lgesi(OSB)\u2019deki \u00e7ok say\u0131da k\u00fc\u00e7\u00fck ve orta \u00f6l\u00e7ekli firmalardan kaynakl\u0131 ve kentimizde son y\u0131llarda artan otomobil yo\u011funlu\u011fu hava kirlili\u011fi(karbon sal\u0131n\u0131m\u0131) art\u0131\u015f\u0131n\u0131n en \u00f6nemli nedenlerinden oldu\u011funu ifade ediyor. \u00a0\u00a0 \u00a0\u00a0\u00a0 \u00a0 \u00a0 \u00a0<\/p>\n<p>B\u00dcY\u00dcK FABR\u0130KALAR TEKRAR FUEL-O\u0130L\u2019E D\u00d6NEB\u0130L\u0130R..!<\/p>\n<p>\u00d6zellikle 2000&#8217;li y\u0131llar\u0131n ba\u015flar\u0131nda, \u00fclkemizde AB \u00e7evre standartlar\u0131na uyum zorunlulu\u011fu nedeniyle, baca gaz\u0131 at\u0131k emisyon de\u011ferlerine limitler getirildi. Bu nedenle ilimizdeki enerjiyi yo\u011fun kullanan cam sanayi sekt\u00f6r\u00fcndeki,(Anadolu Cam, Trakya Cam, \u0130zocam, kimya sanayindeki Soda ve Kromsan gibi b\u00fcy\u00fck sanayi kurulu\u015flar\u0131; hem fuel-oil\u2019e g\u00f6re \u00e7ok daha d\u00fc\u015f\u00fck emisyon de\u011ferlerine sahip oldu\u011fu i\u00e7in, hem de fuel-oil&#8217;den daha d\u00fc\u015f\u00fck maliyetli oldu\u011fu i\u00e7in do\u011fal gaz kullan\u0131m\u0131na y\u00f6nelmeye ba\u015flad\u0131lar. Ancak, OSB\u2019deki ve k\u00fc\u00e7\u00fck sanayideki d\u00f6n\u00fc\u015f\u00fcm maliyetine katlanamayan k\u00fc\u00e7\u00fck ve orta \u00f6l\u00e7ekli firmalar, fuel-oil maliyetine dayanabildikleri \u00f6l\u00e7\u00fcde kullanmaya devam ettiler. B\u00fcy\u00fck \u00f6l\u00e7ekli enerji t\u00fcketen kurulu\u015flar\u0131n, ham petrol varil fiyatlar\u0131n\u0131n 100 USD\u2018den, bug\u00fcnlerde 20-25 USD seviyesine inmesiyle, tekrar fuel-oil kullan\u0131m\u0131na d\u00f6nmelerine izin verilmemesi gerekti\u011fi vurguland\u0131.<\/p>\n<p>\u00d6L\u00c7\u00dcM DE\u011eERLER\u0130 GE\u00c7 PA\u015eLA\u015eILIYOR!<\/p>\n<p>Ancak uzmanlara g\u00f6re, prosesinde mecburen(fuel oil\u2019e g\u00f6re daha d\u00fc\u015f\u00fck kalorili) tonlarca \u201ck\u00f6m\u00fcr \u201c kullanmak zorunda olan, \u00e7imento sekt\u00f6r\u00fcnde Mersin\u2019de, y\u00fcksek kapasiteli \u00fcretim yapan yerle\u015fik firmalar, Eren Holding&#8217;e ait MEDCEM ve Sabanc\u0131 Holding&#8217;e ait \u00c7\u0130MSA ve \u015fu anda Mersin\u2019de hava kirlili\u011fini birikimli (k\u00fcm\u00fclatif) olarak en \u00e7ok y\u00fckselten kurumlar oldu\u011fu belirtiliyor. \u00d6zellikle, \u00e7imento sekt\u00f6r\u00fcndeki t\u00fcm bacalarda filitre takma zorunlulu\u011fu 2019 sonuna kadard\u0131. Ge\u00e7ti\u011fimiz Aral\u0131k ay\u0131nda s\u00fcre uzat\u0131m\u0131 TBMM&#8217;de \u00e7ok tart\u0131\u015f\u0131lm\u0131\u015f, sonradan Cumhurba\u015fkanl\u0131\u011f\u0131n\u0131n iste\u011fiyle en k\u0131sa s\u00fcrede tak\u0131lmas\u0131 zorunlu hale getirilmi\u015fti. Ancak bu zorunlulu\u011fa uyuluyor mu bilinmiyor! Mersin\u2019de bu sekt\u00f6rde \u00e7al\u0131\u015fan firmalar\u0131n ge\u00e7mi\u015fte elektro fitrelerin enerji maliyetini d\u00fc\u015f\u00fcrmek i\u00e7in ya t\u00fcmden kapat\u0131ld\u0131\u011f\u0131, ya da geceleri \u00e7al\u0131\u015ft\u0131r\u0131lmad\u0131\u011f\u0131 y\u00f6n\u00fcnde, yak\u0131ndaki yerle\u015fim yerlerinden \u015fikayetlerin giderek yayg\u0131nla\u015ft\u0131\u011f\u0131 iddialar\u0131n\u0131n oldu\u011fu bilinmektedir. Ayr\u0131ca AB uyum standartlar\u0131 \u00e7er\u00e7evesinde b\u00fcy\u00fck sanayi kurulu\u015flar\u0131n\u0131n t\u00fcm bacalar\u0131 online olarak \u00e7evre m\u00fcd\u00fcrl\u00fc\u011f\u00fcne ba\u011flanarak izlendi\u011fi biliniyor. Ancak \u00e7evre m\u00fcd\u00fcrl\u00fc\u011f\u00fc bu de\u011ferleri , kamuoyu ile anl\u0131k payla\u015fmad\u0131\u011f\u0131 i\u00e7in art\u0131\u015f ve azal\u0131\u015flar izlenemiyor. Bu kapsamda t\u00fcm d\u00fcnyada, \u00f6n\u00fcm\u00fczdeki g\u00fcnlerde hava kirlili\u011finin hem daha s\u0131k\u0131 denetlenmesi, hem de kamuoyu ile verilerin payla\u015f\u0131lmas\u0131 gereklili\u011finin yasal ve etik bir zorunluluk olmas\u0131 tart\u0131\u015f\u0131l\u0131yor.<\/p>\n<p>POL\u0130PROP\u0130LEN TES\u0130S\u0130 \u0130ZN\u0130 \u0130PTAL ED\u0130LMEL\u0130&#8230;<\/p>\n<p>T\u00fcm bunlara ilaveten, korona g\u00fcnlerinde kentin i\u00e7indeki bir alana, Dan\u0131\u015ftay dava s\u00fcreci bitmeden, hukukun g\u00f6rmemezlikten gelinerek, birdenbire Polipropilen Tesisi yap\u0131lmas\u0131na izin \u00e7\u0131kmas\u0131 ve bunun getirece\u011fi ek hava kirlili\u011finin de, Mersin\u2019de sa\u011fl\u0131kl\u0131 nefes almay\u0131 ve ya\u015fam\u0131 olumsuz etkileyece\u011fi bir ger\u00e7ektir. Bu nedenle verilmi\u015f olan izin \u00a0iptal edilmelidir.<br \/>\n\u00d6te yandan kentimizde, fuel-oil kullanan ruhsats\u0131z f\u0131r\u0131nlar ve \u00e7ok eski (minib\u00fcs, otob\u00fcs ve kamyonlar) ara\u00e7lar\u0131n kent i\u00e7inde kullan\u0131m\u0131 veye ka\u00e7ak yak\u0131t kullan\u0131m\u0131 daha s\u0131k\u0131 kontrol edilmeli yasal limitlere uymayan ara\u00e7lar\u0131n trafi\u011fe \u00e7\u0131k\u0131\u015f\u0131 engellenmelidir. Bu anlamda, AB\u2019deki gibi belediyelerin d\u00fc\u015f\u00fck emisyon de\u011ferli toplu ula\u015f\u0131m ara\u00e7lar\u0131n\u0131n kullan\u0131m\u0131 te\u015fvik edilmeli, elektrikli hafif rayl\u0131 sistemler yayg\u0131nla\u015ft\u0131r\u0131lmal\u0131d\u0131r.<\/p>\n<p>ARTIK \u00c7EVRE\u2019YE DAHA DUYARLI OLMAK \u015eART<\/p>\n<p>COVID-19 m\u00fccadelesi nedeniyle soka\u011fa \u00e7\u0131kma yasaklar\u0131 ile bize g\u00f6stermi\u015ftir ki, AB&#8217;de hedef konulan 2030 y\u0131l\u0131 emisyon ve karbon de\u011ferleri ge\u00e7ti\u011fimiz 2-3 ayl\u0131k d\u00f6nemde yakalanm\u0131\u015ft\u0131r. Bu nedenle uzmanlar, Mersin \u0130l \u00c7evre M\u00fcd\u00fcrl\u00fc\u011f\u00fcn\u00fcn, periyodik olarak merkezdeki ve il\u00e7elerdeki hava kirli\u011fini sa\u011fl\u0131kl\u0131 \u00f6l\u00e7ecek \u015fekilde yeniden yap\u0131lanmas\u0131 ve \u00f6l\u00e7\u00fcm de\u011ferlerini anl\u0131k kamuoyu ile payla\u015fmas\u0131 gerekti\u011fini halk sa\u011fl\u0131\u011f\u0131 a\u00e7\u0131s\u0131ndan \u00e7ok \u00f6nemli buluyorlar. \u00c7\u00fcnk\u00fc akci\u011fer kanseri vb. g\u00f6\u011f\u00fcs hastal\u0131klar\u0131n\u0131n da baca gaz\u0131 emisyon de\u011feri y\u00fcksek fabrikalar\u0131n yak\u0131n\u0131nda ya\u015fayanlarda artt\u0131\u011f\u0131, a\u00e7\u0131lan davalardan zaten bilinen bir ger\u00e7ektir. Ayr\u0131ca, COVID-19 salg\u0131n\u0131 da sigara i\u00e7enlerin bu hastal\u0131ktan \u00f6lme riskinin, i\u00e7meyene g\u00f6re 14 kat fazla oldu\u011fu ger\u00e7e\u011fini ortaya \u00e7\u0131karm\u0131\u015ft\u0131r. Bu ger\u00e7eklik bile, t\u00fcm D\u00fcnya\u2019da oldu\u011fu gibi, \u00fclkemizde de bundan b\u00f6yle, halk sa\u011fl\u0131\u011f\u0131 a\u00e7\u0131s\u0131ndan, hava kirlili\u011fi oranlar\u0131n\u0131n yerel y\u00f6netimler ve Mersin kamuoyu taraf\u0131ndan daha yak\u0131ndan takip edilmesi gerekti\u011fini, ilgililerin de bu konuya daha duyarl\u0131 olmas\u0131 ve gerekli \u00f6nlemleri almas\u0131 gerekti\u011fini ortaya koyuyor. \u00c7\u00fcnk\u00fc herkesin hemfikir oldu\u011fu gibi, art\u0131k hi\u00e7bir \u015fey eskisi gibi olmayacak.<\/p>\n","protected":false},"excerpt":{"rendered":"<p>Koronavir\u00fcs (COVID-19) salg\u0131n\u0131 nedeni ile D\u00fcnya genelinde ve \u00fclkemizdeki bir\u00e7ok kentte havakirlili\u011finde ciddi bir azalma ya\u015fan\u0131rken, zaman\u0131nda ve gerekli \u00f6l\u00e7\u00fcm yap\u0131lmad\u0131\u011f\u0131ndan Mersin\u2019in hava kirlili\u011finde herhangi bir d\u00fc\u015f\u00fc\u015f olup olmad\u0131\u011f\u0131 net &hellip; <a href=\"https:\/\/mersinekonomipolitikagazetesi.com\/?p=6782\" class=\"more-link\">Devam\u0131n\u0131 Oku&#8230;<\/a><\/p>\n","protected":false},"author":1,"featured_media":0,"comment_status":"open","ping_status":"open","sticky":false,"template":"","format":"standard","meta":[],"categories":[],"tags":[],"_links":{"self":[{"href":"https:\/\/mersinekonomipolitikagazetesi.com\/index.php?rest_route=\/wp\/v2\/posts\/6782"}],"collection":[{"href":"https:\/\/mersinekonomipolitikagazetesi.com\/index.php?rest_route=\/wp\/v2\/posts"}],"about":[{"href":"https:\/\/mersinekonomipolitikagazetesi.com\/index.php?rest_route=\/wp\/v2\/types\/post"}],"author":[{"embeddable":true,"href":"https:\/\/mersinekonomipolitikagazetesi.com\/index.php?rest_route=\/wp\/v2\/users\/1"}],"replies":[{"embeddable":true,"href":"https:\/\/mersinekonomipolitikagazetesi.com\/index.php?rest_route=%2Fwp%2Fv2%2Fcomments&post=6782"}],"version-history":[{"count":0,"href":"https:\/\/mersinekonomipolitikagazetesi.com\/index.php?rest_route=\/wp\/v2\/posts\/6782\/revisions"}],"wp:attachment":[{"href":"https:\/\/mersinekonomipolitikagazetesi.com\/index.php?rest_route=%2Fwp%2Fv2%2Fmedia&parent=6782"}],"wp:term":[{"taxonomy":"category","embeddable":true,"href":"https:\/\/mersinekonomipolitikagazetesi.com\/index.php?rest_route=%2Fwp%2Fv2%2Fcategories&post=6782"},{"taxonomy":"post_tag","embeddable":true,"href":"https:\/\/mersinekonomipolitikagazetesi.com\/index.php?rest_route=%2Fwp%2Fv2%2Ftags&post=6782"}],"curies":[{"name":"wp","href":"https:\/\/api.w.org\/{rel}","templated":true}]}}