{"id":6783,"date":"2020-11-04T18:27:14","date_gmt":"2020-11-04T15:27:14","guid":{"rendered":"http:\/\/mersinekonomipolitikagazetesi.com\/?p=6783"},"modified":"2020-11-04T18:27:14","modified_gmt":"2020-11-04T15:27:14","slug":"korona-virus-cicekcileri-fena-vurdu","status":"publish","type":"post","link":"https:\/\/mersinekonomipolitikagazetesi.com\/?p=6783","title":{"rendered":"Korona vir\u00fcs, \u00e7i\u00e7ek\u00e7ileri fena vurdu"},"content":{"rendered":"<p><span style=\"line-height: 1.6em;\">T\u00fcm d\u00fcnyada ve T\u00fcrkiye\u2019de ekonomiye de darbe vuran korona vir\u00fcs, \u00e7i\u00e7ek\u00e7ilik sekt\u00f6r\u00fcn\u00fc de b\u00fcy\u00fck bir \u00e7\u0131kmaza s\u00fcr\u00fckledi. T\u00fcrkiye\u2019nin g\u00fcl ihtiyac\u0131n\u0131n yakla\u015f\u0131k y\u00fczde 70\u2019ini kar\u015f\u0131layan Mersin\u2019de, \u00e7i\u00e7ek\u00e7iler \u00e7ok dertli. \u201c\u00c7i\u00e7ek\u00e7i esnaf\u0131m\u0131z tarihinin en k\u00f6t\u00fc g\u00fcnlerini ge\u00e7iriyor. Sekt\u00f6rel anlamda b\u00fcy\u00fck bir \u00e7\u0131kmazday\u0131z\u201d diyen \u00c7i\u00e7ek\u00e7iler Odas\u0131 Ba\u015fkan\u0131 \u00d6mer \u015eahbudak, bu zor g\u00fcnlerden \u00e7\u0131kabilmek i\u00e7in KDV oran\u0131n\u0131n d\u00fc\u015f\u00fcr\u00fclmesini istedi.\u00a0<\/span><\/p>\n<p>T\u00fcm d\u00fcnyay\u0131 etkisi alt\u0131na alan korona vir\u00fcs (Covid-19) salg\u0131n\u0131, insan sa\u011fl\u0131\u011f\u0131n\u0131n yan\u0131 s\u0131ra ekonomiyi de \u00e7ok k\u00f6t\u00fc etkiledi. Vir\u00fcsten bir\u00e7ok sekt\u00f6r nasibini al\u0131rken, \u00f6zellikle d\u00fc\u011f\u00fcnler ve t\u00fcm organizasyonlar\u0131n iptal edilmesi \u00e7i\u00e7ek\u00e7ileri fena vurdu. \u0130\u015fleri neredeyse tamamen duran \u00e7i\u00e7ek\u00e7iler, her g\u00fcn siftahs\u0131z d\u00fckkan kapat\u0131yor. Sevgililer G\u00fcn\u00fc ve Anneler G\u00fcn\u00fc olmak \u00fczere y\u0131lda iki kez y\u00fczleri g\u00fclen \u00e7i\u00e7ek\u00e7iler, Covid-19 nedeniyle bu y\u0131l bunlardan da mahrum kald\u0131. Her \u015feye kar\u015f\u0131n bu hafta sonunda kutlanacak Anneler G\u00fcn\u00fc i\u00e7in Mersin\u2019deki \u00e7i\u00e7ek mezat\u0131na ko\u015fan \u00e7i\u00e7ek\u00e7iler, bu g\u00fcnlerin atlat\u0131lmas\u0131nda can suyu olmas\u0131n\u0131 bekledikleri umudu sat\u0131n ald\u0131lar.\u00a0<\/p>\n<p>\u201c\u00c7i\u00e7ek\u00e7i esnaf\u0131, vir\u00fcsten \u00e7ok ciddi yara ald\u0131\u201d\u00a0<br \/>\nMersin \u00c7i\u00e7ek\u00e7iler Odas\u0131 Ba\u015fkan\u0131 \u00d6mer \u015eahbudak, \u00e7i\u00e7ek\u00e7ilerin i\u00e7inde bulunduklar\u0131 durumu \u00e7i\u00e7ek mezat\u0131nda \u0130HA muhabirine anlatt\u0131. Korona vir\u00fcs salg\u0131n\u0131 nedeniyle \u00e7i\u00e7ek\u00e7i esnaf\u0131n\u0131n \u00e7ok ciddi yara ald\u0131\u011f\u0131n\u0131 belirten \u015eahbudak, sadece \u00e7i\u00e7ek satan esnaf de\u011fil, \u00fcretici grubunun da ciddi anlamda yaraland\u0131\u011f\u0131n\u0131 s\u00f6yledi. \u015eu anda \u00fcreticilerin tarlada b\u00fct\u00fcn \u00e7i\u00e7eklerinin ellerinde kald\u0131\u011f\u0131n\u0131 dile getiren \u015eahbudak, bunun faturas\u0131n\u0131n ileriki g\u00fcnlerde \u00e7ok daha derin olaca\u011f\u0131n\u0131n alt\u0131n\u0131 \u00e7izdi. \u015eahbudak, \u201c\u00c7i\u00e7ek\u00e7i esnaf\u0131m\u0131z, bu vir\u00fcs salg\u0131n\u0131 ba\u015flad\u0131\u011f\u0131 g\u00fcnden bu yana siftahs\u0131z d\u00fckkan a\u00e7\u0131p kapat\u0131yorlar. Belki \u015fu an i\u015f yerlerimiz a\u00e7\u0131k ama s\u0131f\u0131r sat\u0131\u015f. \u015eu an d\u00fc\u011f\u00fcn yok, a\u00e7\u0131l\u0131\u015flar yok, bir\u00e7ok organizasyon iptal edildi. Do\u011fal olarak da bundan esnaf\u0131m\u0131z \u00e7ok ciddi anlamda yara ald\u0131\u201d dedi.\u00a0<\/p>\n<p>\u201c\u00c7i\u00e7ek\u00e7i esnaf\u0131m\u0131z tarihinin en k\u00f6t\u00fc g\u00fcnlerini ge\u00e7iriyor\u201d\u00a0<br \/>\nHafta sonunda kutlanacak Anneler G\u00fcn\u00fc&#8217;ne dikkat \u00e7eken \u015eahbudak, \u201c\u015eahsi kanaatim, bu Anneler G\u00fcn\u00fc verimli ge\u00e7meyecek. Biliyorsunuz hafta sonlar\u0131 soka\u011fa \u00e7\u0131kma yasa\u011f\u0131 var. Bundan dolay\u0131 insanlar \u015fu an can\u0131n\u0131n derdine d\u00fc\u015fm\u00fc\u015f, yani \u00e7i\u00e7ekle ilgili \u00e7ok fazla tasarruflar\u0131 yok. Bu da bizi \u00e7ok b\u00fcy\u00fck s\u0131k\u0131nt\u0131ya sokuyor. Bizlerin ge\u00e7indirmekle m\u00fckellef oldu\u011fumuz ailelerimiz, \u00e7ocuklar\u0131m\u0131z var. \u00c7i\u00e7ek\u00e7i esnaf\u0131m\u0131z tarihinin en k\u00f6t\u00fc g\u00fcnlerini ge\u00e7iriyor \u015fu an. Tabi ki bu bir s\u00fcre\u00e7, \u00f6nce sa\u011fl\u0131k diyoruz. Bu \u00e7ok \u00f6nemli bizim i\u00e7in. Ama yar\u0131n bu olay bittikten sonra ciddi anlamda \u00e7i\u00e7ek\u00e7i esnaf\u0131m\u0131z yara alm\u0131\u015f olacak. Umar\u0131m hi\u00e7bir esnaf\u0131m\u0131z\u0131 kaybetmeden bu s\u00fcreci tamamlar\u0131z, bir an \u00f6nce normale d\u00f6neriz. Temennimiz bu\u201d diye konu\u015ftu.\u00a0<\/p>\n<p>\u201cTam sezonda yakaland\u0131k. Sekt\u00f6rel anlamda b\u00fcy\u00fck bir \u00e7\u0131kmazday\u0131z\u201d\u00a0<br \/>\nSekt\u00f6rde, salon bitkisi, d\u0131\u015f mekan bitkisi ve kesme \u00e7i\u00e7ek olmak \u00fczere zincirin \u00fc\u00e7 tane kopmaz halkas\u0131 oldu\u011funa i\u015faret eden \u015eahbudak, \u00f6zellikle kesme \u00e7i\u00e7ekte b\u00fcy\u00fck yara ald\u0131klar\u0131n\u0131, mevsimlik \u00e7i\u00e7ek \u00fcreticilerinin \u00fcr\u00fcnlerinin de seralarda kald\u0131\u011f\u0131n\u0131 belirterek, \u201cTam sezonda yakaland\u0131k. Yani \u00e7ok k\u00f6t\u00fc bir d\u00f6nemde yakaland\u0131k. \u00dcrettikleri b\u00fct\u00fcn bitkiler tarlada ellerinde kald\u0131\u201d \u015feklinde konu\u015ftu.\u00a0<br \/>\nMersin\u2019in \u00e7i\u00e7ek\u00e7ilik sekt\u00f6r\u00fcnde T\u00fcrkiye\u2019de \u00e7ok \u00fcst noktada yer ald\u0131\u011f\u0131na dikkat \u00e7eken \u015eahbudak, \u201cMersin, T\u00fcrkiye\u2019nin g\u00fcl ihtiyac\u0131n\u0131n yakla\u015f\u0131k y\u00fczde 70\u2019ini kar\u015f\u0131l\u0131yor. Yine \u00e7ok y\u00fcksek oranda salon bitkisini kar\u015f\u0131l\u0131yor. Bunlar\u0131n hepsi s\u0131k\u0131nt\u0131da \u015fu anda. Ger\u00e7ekten sekt\u00f6rel anlamda b\u00fcy\u00fck bir \u00e7\u0131kmazday\u0131z. Esnaf\u0131m\u0131z hakikaten \u00e7ok zor durumda\u201d ifadelerini kulland\u0131.\u00a0<\/p>\n<p>\u201cB\u00f6yle giderse esnaf batacak. KDV oran\u0131n\u0131n a\u015fa\u011f\u0131ya \u00e7ekilmesini istiyoruz\u201d\u00a0<br \/>\nDevletin 25 bin TL\u2019lik bir kredi imkan\u0131 verdi\u011fini, ancak \u00f6ncesinde bir sicil aff\u0131 yap\u0131lmad\u0131\u011f\u0131 i\u00e7in \u00e7i\u00e7ek\u00e7i esnaf\u0131n\u0131n tamam\u0131n\u0131n bundan faydalanamad\u0131\u011f\u0131n\u0131 s\u00f6yleyen \u015eahbudak, bu zor g\u00fcnlerden \u00e7\u0131kabilmek i\u00e7in taleplerini ise \u015f\u00f6yle dile getirdi:\u00a0<br \/>\n\u201cDevletimizin bize y\u00f6nelik sa\u011flad\u0131\u011f\u0131 imkanlar \u00e7ok k\u0131s\u0131tl\u0131. \u00d6n\u00fcm\u00fczdeki g\u00fcnlerde d\u00fckkan kiralar\u0131, elektrik, su paralar\u0131 gelecek. Yan\u0131nda \u00e7al\u0131\u015ft\u0131rd\u0131\u011f\u0131 personelin \u015fu an maa\u015flar\u0131 birikiyor. Biz korona vir\u00fcs\u00fc atlataca\u011f\u0131z belki ama bunun sanc\u0131lar\u0131 ileriki g\u00fcnlerde bizi \u00e7ok daha b\u00fcy\u00fck s\u0131k\u0131nt\u0131lara sokacak. Bizim \u00e7i\u00e7ek \u00fcretimindeki KDV oran\u0131m\u0131z y\u00fczde 18; dolay\u0131s\u0131yla \u00e7i\u00e7ek\u00e7i esnaf\u0131na yans\u0131mas\u0131 da y\u00fczde 18. Buradan seslenmek istiyoruz; tar\u0131mda en az\u0131ndan KDV\u2019yi a\u015fa\u011f\u0131ya \u00e7ekerlerse bu bize de yans\u0131yacak, bir nebze de olsa nefes alaca\u011f\u0131z. \u015eu an satamad\u0131\u011f\u0131m\u0131z \u00e7i\u00e7e\u011fin KDV\u2019sini \u00f6d\u00fcyoruz. Bu da sekt\u00f6r\u00fc ciddi anlamda s\u0131k\u0131nt\u0131ya sokuyor. \u00c7i\u00e7e\u011fin bir an \u00f6nce l\u00fcks kategoriden \u00e7\u0131kart\u0131l\u0131p, tar\u0131m kategorisine sokulmas\u0131 ve KDV oran\u0131n\u0131n a\u015fa\u011f\u0131yla \u00e7ekilmesi laz\u0131m. Yoksa bu \u015fekilde devam ederse korona vir\u00fcsten sonra T\u00fcrkiye\u2019de \u00e7i\u00e7ek \u00fcreten bir\u00e7ok firmam\u0131z seras\u0131n\u0131 la\u011fvedecek. Bunun da yans\u0131mas\u0131 T\u00fcrkiye\u2019ye olacak, \u00e7\u00fcnk\u00fc bu seralarda \u00e7ok ciddi anlamda personel istihdam ediliyor. Hem bu personeli \u00e7\u0131kartma i\u015flemleri ba\u015flayacak hem seras\u0131n\u0131 kapatmak durumunda kalacak. Batacak, yani iflas edecek. \u0130hracat zaten durmu\u015f. \u00c7i\u00e7ek sat\u0131\u015f\u0131 \u015fu an dip yapm\u0131\u015f durumda. Bug\u00fcn bu mezatta bir yo\u011funluk g\u00f6r\u00fcn\u00fcyor ama emin olun insanlar umudu sat\u0131n al\u0131yor \u015fu an. Biz, ge\u00e7imini g\u00fcnl\u00fck sa\u011flayan bir kesimiz. Devletimize sesleniyorum; bize kulak vermelerini istiyoruz, ger\u00e7ekten esnaf \u00e7ok zor durumda. Esnafa bir el uzat\u0131ls\u0131n.\u201d\u00a0<\/p>\n","protected":false},"excerpt":{"rendered":"<p>T\u00fcm d\u00fcnyada ve T\u00fcrkiye\u2019de ekonomiye de darbe vuran korona vir\u00fcs, \u00e7i\u00e7ek\u00e7ilik sekt\u00f6r\u00fcn\u00fc de b\u00fcy\u00fck bir \u00e7\u0131kmaza s\u00fcr\u00fckledi. T\u00fcrkiye\u2019nin g\u00fcl ihtiyac\u0131n\u0131n yakla\u015f\u0131k y\u00fczde 70\u2019ini kar\u015f\u0131layan Mersin\u2019de, \u00e7i\u00e7ek\u00e7iler \u00e7ok dertli. \u201c\u00c7i\u00e7ek\u00e7i esnaf\u0131m\u0131z &hellip; <a href=\"https:\/\/mersinekonomipolitikagazetesi.com\/?p=6783\" class=\"more-link\">Devam\u0131n\u0131 Oku&#8230;<\/a><\/p>\n","protected":false},"author":1,"featured_media":0,"comment_status":"open","ping_status":"open","sticky":false,"template":"","format":"standard","meta":[],"categories":[],"tags":[],"_links":{"self":[{"href":"https:\/\/mersinekonomipolitikagazetesi.com\/index.php?rest_route=\/wp\/v2\/posts\/6783"}],"collection":[{"href":"https:\/\/mersinekonomipolitikagazetesi.com\/index.php?rest_route=\/wp\/v2\/posts"}],"about":[{"href":"https:\/\/mersinekonomipolitikagazetesi.com\/index.php?rest_route=\/wp\/v2\/types\/post"}],"author":[{"embeddable":true,"href":"https:\/\/mersinekonomipolitikagazetesi.com\/index.php?rest_route=\/wp\/v2\/users\/1"}],"replies":[{"embeddable":true,"href":"https:\/\/mersinekonomipolitikagazetesi.com\/index.php?rest_route=%2Fwp%2Fv2%2Fcomments&post=6783"}],"version-history":[{"count":0,"href":"https:\/\/mersinekonomipolitikagazetesi.com\/index.php?rest_route=\/wp\/v2\/posts\/6783\/revisions"}],"wp:attachment":[{"href":"https:\/\/mersinekonomipolitikagazetesi.com\/index.php?rest_route=%2Fwp%2Fv2%2Fmedia&parent=6783"}],"wp:term":[{"taxonomy":"category","embeddable":true,"href":"https:\/\/mersinekonomipolitikagazetesi.com\/index.php?rest_route=%2Fwp%2Fv2%2Fcategories&post=6783"},{"taxonomy":"post_tag","embeddable":true,"href":"https:\/\/mersinekonomipolitikagazetesi.com\/index.php?rest_route=%2Fwp%2Fv2%2Ftags&post=6783"}],"curies":[{"name":"wp","href":"https:\/\/api.w.org\/{rel}","templated":true}]}}