{"id":6788,"date":"2020-11-04T18:27:15","date_gmt":"2020-11-04T15:27:15","guid":{"rendered":"http:\/\/mersinekonomipolitikagazetesi.com\/?p=6788"},"modified":"2020-11-04T18:27:15","modified_gmt":"2020-11-04T15:27:15","slug":"toroslarda-ramazan-sohbetleri-online-yapiliyor","status":"publish","type":"post","link":"https:\/\/mersinekonomipolitikagazetesi.com\/?p=6788","title":{"rendered":"Toroslar&#8217;da Ramazan sohbetleri online yap\u0131l\u0131yor"},"content":{"rendered":"<p><span style=\"line-height: 1.6em;\">Toroslar Belediyesinin sosyal medya hesaplar\u0131ndan canl\u0131 olarak yay\u0131nlanan &#8220;Toroslar&#8217;da Ramazan&#8221; program\u0131, her ak\u015fam evlere misafir olmaya devam ediyor.\u00a0<\/span><\/p>\n<p>Toroslar Belediyesinden yap\u0131lan a\u00e7\u0131klamaya g\u00f6re, Ramazan ay\u0131 boyunca her g\u00fcn \u00f6zel konu ve konuklar\u0131yla dijital ortamda vatanda\u015flarla bulu\u015fan program, saat 18.45&#8217;de ba\u015fl\u0131yor. Programda, Nefes Musiki Toplulu\u011funun tasavvuf dinletilerinin yan\u0131 s\u0131ra unutulmaya y\u00fcz tutmu\u015f Ramazan ay\u0131 e\u011flenceleri olan Meddah, Hacivat ve Karag\u00f6z de Mersinlilere yeniden ya\u015fat\u0131l\u0131yor. Toroslar Belediyesi ekipleri taraf\u0131ndan il\u00e7e sakinlerinin evlerinde haz\u0131rlanan iftar sofralar\u0131ndan da video konferans arac\u0131l\u0131\u011f\u0131yla canl\u0131 ba\u011flant\u0131 yap\u0131larak, Ramazan ay\u0131n\u0131n g\u00fczellikleri payla\u015f\u0131l\u0131yor.\u00a0<br \/>\nBug\u00fcne kadar bir\u00e7ok konu\u011fun yer ald\u0131\u011f\u0131 programda, Toroslar Belediyesi Sosyal ve Sa\u011fl\u0131k \u0130\u015fleri Ba\u015fkan Yard\u0131mc\u0131s\u0131 \u015eeyda G\u00fclden, Fen \u0130\u015fleri ve Koordinasyon M\u00fcd\u00fcr\u00fc M. Ya\u015far I\u015f\u0131k ve Temizlik \u0130\u015fleri M\u00fcd\u00fcr\u00fc Erdem Akg\u00fcl de yay\u0131na kat\u0131larak, korona vir\u00fcs s\u00fcrecinde yap\u0131lan \u00e7al\u0131\u015fmalar\u0131 izleyicilere aktard\u0131.\u00a0<\/p>\n<p>&#8220;Mesafenin \u00f6nemi yok. Her zaman yan\u0131n\u0131zday\u0131z&#8221;\u00a0<br \/>\nToroslar Belediye Ba\u015fkan\u0131 Ats\u0131z Af\u015f\u0131n Y\u0131lmaz, programa ili\u015fkin yapt\u0131\u011f\u0131 a\u00e7\u0131klamada, &#8220;Ramazan ay\u0131n\u0131n ruhuna uygun programlar\u0131m\u0131zla hem\u015fehrilerimizin evlerine konuk olarak g\u00f6n\u00fcl sofralar\u0131 kuruyoruz. T\u00fcm d\u00fcnyay\u0131 ve \u00fclkemizi etkisi alt\u0131na alan korona vir\u00fcs tedbirleri kapsam\u0131nda bu y\u0131l Ramazan ay\u0131nda evlerimizdeyiz. Biz de Toroslar Belediyesi olarak vatanda\u015flar\u0131m\u0131z\u0131n ho\u015f\u00e7a vakit ge\u00e7irmeleri ve Ramazan ay\u0131n\u0131n o manevi iklimini ya\u015famalar\u0131 amac\u0131yla Toroslar&#8217;da Ramazan program\u0131m\u0131z\u0131 sosyal medya hesaplar\u0131m\u0131zdan hem\u015fehrilerimizle online bulu\u015fturduk. Mesafenin \u00f6nemi yok. Uzaklar\u0131 yak\u0131n eden imkanlarla yine bir arada olman\u0131n hazz\u0131n\u0131 ya\u015f\u0131yoruz. Biz her zaman yan\u0131n\u0131zday\u0131z. \u0130n\u015fallah hem\u015fehrilerimizle bulu\u015faca\u011f\u0131m\u0131z g\u00fczel g\u00fcnler yeniden gelecek. Ama \u015fimdi evinizde kal\u0131n, sa\u011fl\u0131kla kal\u0131n&#8221; dedi.\u00a0<\/p>\n","protected":false},"excerpt":{"rendered":"<p>Toroslar Belediyesinin sosyal medya hesaplar\u0131ndan canl\u0131 olarak yay\u0131nlanan &#8220;Toroslar&#8217;da Ramazan&#8221; program\u0131, her ak\u015fam evlere misafir olmaya devam ediyor.\u00a0 Toroslar Belediyesinden yap\u0131lan a\u00e7\u0131klamaya g\u00f6re, Ramazan ay\u0131 boyunca her g\u00fcn \u00f6zel konu &hellip; <a href=\"https:\/\/mersinekonomipolitikagazetesi.com\/?p=6788\" class=\"more-link\">Devam\u0131n\u0131 Oku&#8230;<\/a><\/p>\n","protected":false},"author":1,"featured_media":0,"comment_status":"open","ping_status":"open","sticky":false,"template":"","format":"standard","meta":[],"categories":[],"tags":[],"_links":{"self":[{"href":"https:\/\/mersinekonomipolitikagazetesi.com\/index.php?rest_route=\/wp\/v2\/posts\/6788"}],"collection":[{"href":"https:\/\/mersinekonomipolitikagazetesi.com\/index.php?rest_route=\/wp\/v2\/posts"}],"about":[{"href":"https:\/\/mersinekonomipolitikagazetesi.com\/index.php?rest_route=\/wp\/v2\/types\/post"}],"author":[{"embeddable":true,"href":"https:\/\/mersinekonomipolitikagazetesi.com\/index.php?rest_route=\/wp\/v2\/users\/1"}],"replies":[{"embeddable":true,"href":"https:\/\/mersinekonomipolitikagazetesi.com\/index.php?rest_route=%2Fwp%2Fv2%2Fcomments&post=6788"}],"version-history":[{"count":0,"href":"https:\/\/mersinekonomipolitikagazetesi.com\/index.php?rest_route=\/wp\/v2\/posts\/6788\/revisions"}],"wp:attachment":[{"href":"https:\/\/mersinekonomipolitikagazetesi.com\/index.php?rest_route=%2Fwp%2Fv2%2Fmedia&parent=6788"}],"wp:term":[{"taxonomy":"category","embeddable":true,"href":"https:\/\/mersinekonomipolitikagazetesi.com\/index.php?rest_route=%2Fwp%2Fv2%2Fcategories&post=6788"},{"taxonomy":"post_tag","embeddable":true,"href":"https:\/\/mersinekonomipolitikagazetesi.com\/index.php?rest_route=%2Fwp%2Fv2%2Ftags&post=6788"}],"curies":[{"name":"wp","href":"https:\/\/api.w.org\/{rel}","templated":true}]}}