{"id":6793,"date":"2020-11-04T18:27:15","date_gmt":"2020-11-04T15:27:15","guid":{"rendered":"http:\/\/mersinekonomipolitikagazetesi.com\/?p=6793"},"modified":"2020-11-04T18:27:15","modified_gmt":"2020-11-04T15:27:15","slug":"mersinde-suruculer-bilgilendirildi","status":"publish","type":"post","link":"https:\/\/mersinekonomipolitikagazetesi.com\/?p=6793","title":{"rendered":"Mersin&#8217;de s\u00fcr\u00fcc\u00fcler bilgilendirildi"},"content":{"rendered":"<p><span style=\"line-height: 1.6em;\">Mersin&#8217;de Karayolu G\u00fcvenli\u011fi ve Trafik Haftas\u0131 etkinlikleri kapsam\u0131nda trafik polisleri, s\u00fcr\u00fcc\u00fclere bilgilendirici bro\u015f\u00fcrler da\u011f\u0131t\u0131rken, toplu ta\u015f\u0131ma ara\u00e7lar\u0131nda maskesi olmayan vatanda\u015flara da maske da\u011f\u0131tt\u0131.\u00a0<\/span><\/p>\n<p>Karayolu G\u00fcvenli\u011fi ve Trafik Haftas\u0131 etkinlikleri kapsam\u0131nda Trafik Denetleme \u015eube M\u00fcd\u00fcrl\u00fc\u011f\u00fc ekipleri, s\u00fcr\u00fcc\u00fcleri bilgilendirmeyi s\u00fcrd\u00fcrd\u00fc. \u0130n\u00f6n\u00fc Bulvar\u0131 \u00fczerinde uygulama noktas\u0131 kuran ekipler, toplu ta\u015f\u0131ma ara\u00e7lar\u0131 ile otomobilleri durdurarak bilgilendirme yapt\u0131. Arabalar\u0131 tek tek durdurarak bilgilendirici bro\u015f\u00fcrler da\u011f\u0131tan ekipler, emniyet kemeri, a\u015f\u0131r\u0131 h\u0131z ile korona vir\u00fcs dolay\u0131s\u0131yla maske kullan\u0131m\u0131 ve sosyal mesafe konusunda vatanda\u015flar\u0131 uyard\u0131. Toplu ta\u015f\u0131ma ara\u00e7lar\u0131na binen yolcu say\u0131s\u0131na ve maske kullan\u0131m\u0131na da bakan ekipler, maskesiz arabaya binen yolculara maske da\u011f\u0131t\u0131m\u0131 da yapt\u0131.\u00a0<br \/>\nYap\u0131lan \u00e7al\u0131\u015fmayla ilgili gazetecilere a\u00e7\u0131klamalarda bulunan \u0130l Emniyet M\u00fcd\u00fcrl\u00fc\u011f\u00fc Trafik Denetleme \u015eube M\u00fcd\u00fcrl\u00fc\u011f\u00fc ekipler amiri komiser \u00d6mer K\u0131zo\u011flu, vatanda\u015flar\u0131n trafik kurallar\u0131na uymas\u0131 i\u00e7in \u00e7al\u0131\u015fmalar\u0131n\u0131 s\u00fcrd\u00fcrd\u00fcklerini belirterek, &#8220;Uygulamam\u0131z\u0131n amac\u0131 Trafik Haftas\u0131 olmas\u0131 dolay\u0131s\u0131yla vatanda\u015flar\u0131m\u0131za trafik bilinci kazand\u0131rmak, vatanda\u015flar\u0131m\u0131z\u0131n azami bir \u015fekilde kurallara uymas\u0131n\u0131 sa\u011flamakt\u0131r. Ayr\u0131ca d\u00fcnyada ve \u00fclkemizde etkili olan korona vir\u00fcs dolay\u0131s\u0131yla vatanda\u015flara toplu ta\u015f\u0131ma ara\u00e7lar\u0131nda maske kullanmas\u0131 gerekti\u011fini hat\u0131rlatarak, g\u00fcvenli bir \u015fekilde trafikte seyretmelerini sa\u011fl\u0131yoruz. Bug\u00fcn de ekiplerimizle beraber ara\u00e7lar\u0131 durdurarak vatanda\u015flar\u0131m\u0131za trafik kurallar\u0131n\u0131n \u00f6nemini hat\u0131rlatt\u0131k. Emniyet kemeri, h\u0131z ve bu d\u00f6nemde maske kullan\u0131m\u0131 ile sosyal mesafeyi hat\u0131rlatt\u0131k. Toplu ta\u015f\u0131malarda da ayr\u0131ca maskesi olmayan vatanda\u015flar var ise onlara da maske da\u011f\u0131tt\u0131k&#8221; \u015feklinde konu\u015ftu.\u00a0<\/p>\n","protected":false},"excerpt":{"rendered":"<p>Mersin&#8217;de Karayolu G\u00fcvenli\u011fi ve Trafik Haftas\u0131 etkinlikleri kapsam\u0131nda trafik polisleri, s\u00fcr\u00fcc\u00fclere bilgilendirici bro\u015f\u00fcrler da\u011f\u0131t\u0131rken, toplu ta\u015f\u0131ma ara\u00e7lar\u0131nda maskesi olmayan vatanda\u015flara da maske da\u011f\u0131tt\u0131.\u00a0 Karayolu G\u00fcvenli\u011fi ve Trafik Haftas\u0131 etkinlikleri kapsam\u0131nda &hellip; <a href=\"https:\/\/mersinekonomipolitikagazetesi.com\/?p=6793\" class=\"more-link\">Devam\u0131n\u0131 Oku&#8230;<\/a><\/p>\n","protected":false},"author":1,"featured_media":0,"comment_status":"open","ping_status":"open","sticky":false,"template":"","format":"standard","meta":[],"categories":[],"tags":[],"_links":{"self":[{"href":"https:\/\/mersinekonomipolitikagazetesi.com\/index.php?rest_route=\/wp\/v2\/posts\/6793"}],"collection":[{"href":"https:\/\/mersinekonomipolitikagazetesi.com\/index.php?rest_route=\/wp\/v2\/posts"}],"about":[{"href":"https:\/\/mersinekonomipolitikagazetesi.com\/index.php?rest_route=\/wp\/v2\/types\/post"}],"author":[{"embeddable":true,"href":"https:\/\/mersinekonomipolitikagazetesi.com\/index.php?rest_route=\/wp\/v2\/users\/1"}],"replies":[{"embeddable":true,"href":"https:\/\/mersinekonomipolitikagazetesi.com\/index.php?rest_route=%2Fwp%2Fv2%2Fcomments&post=6793"}],"version-history":[{"count":0,"href":"https:\/\/mersinekonomipolitikagazetesi.com\/index.php?rest_route=\/wp\/v2\/posts\/6793\/revisions"}],"wp:attachment":[{"href":"https:\/\/mersinekonomipolitikagazetesi.com\/index.php?rest_route=%2Fwp%2Fv2%2Fmedia&parent=6793"}],"wp:term":[{"taxonomy":"category","embeddable":true,"href":"https:\/\/mersinekonomipolitikagazetesi.com\/index.php?rest_route=%2Fwp%2Fv2%2Fcategories&post=6793"},{"taxonomy":"post_tag","embeddable":true,"href":"https:\/\/mersinekonomipolitikagazetesi.com\/index.php?rest_route=%2Fwp%2Fv2%2Ftags&post=6793"}],"curies":[{"name":"wp","href":"https:\/\/api.w.org\/{rel}","templated":true}]}}