{"id":6799,"date":"2020-11-04T18:27:15","date_gmt":"2020-11-04T15:27:15","guid":{"rendered":"http:\/\/mersinekonomipolitikagazetesi.com\/?p=6799"},"modified":"2020-11-04T18:27:15","modified_gmt":"2020-11-04T15:27:15","slug":"belediye-meclisinden-borclanma-yetkisi-isteyebilirim","status":"publish","type":"post","link":"https:\/\/mersinekonomipolitikagazetesi.com\/?p=6799","title":{"rendered":"&#8220;Belediye Meclisinden bor\u00e7lanma yetkisi isteyebilirim&#8221;"},"content":{"rendered":"<p><span style=\"line-height: 1.6em;\">\u00a0Mersin B\u00fcy\u00fck\u015fehir Belediye Ba\u015fkan\u0131 Vahap Se\u00e7er, korona vir\u00fcs salg\u0131n\u0131 s\u00fcrecinde olu\u015fturulan kriz merkezine 200 binden fazla g\u0131da kolisi talebi geldi\u011fini, bunlar\u0131n 103 bin 559&#8217;unu kar\u015f\u0131lad\u0131klar\u0131n\u0131 belirterek, salg\u0131n nedeniyle olu\u015fan gelir kayb\u0131ndan dolay\u0131 \u00f6n\u00fcm\u00fczdeki aylarda kullan\u0131lmak \u00fczere belediye meclisinden bor\u00e7lanma yetkisi isteyebilece\u011fini s\u00f6yledi.\u00a0<\/span><\/p>\n<p>Se\u00e7er, bir radyo program\u0131nda yapt\u0131\u011f\u0131 a\u00e7\u0131klamada, korona vir\u00fcs s\u00fcrecinde belediye olarak yapt\u0131klar\u0131 \u00e7al\u0131\u015fmalar\u0131 aktard\u0131. Korona vir\u00fcs salg\u0131n\u0131nda vaka say\u0131s\u0131n\u0131n azalma e\u011filimi g\u00f6stermeye ba\u015flad\u0131\u011f\u0131n\u0131 belirten Se\u00e7er, bu durumun vatanda\u015flar\u0131 rehavete d\u00fc\u015f\u00fcrmemesi uyar\u0131s\u0131nda bulunarak, tarihte, salg\u0131n hastal\u0131klar kar\u015f\u0131s\u0131nda yap\u0131lan hatalardan ders \u00e7\u0131kar\u0131lmas\u0131 gerekti\u011fini vurgulad\u0131. Se\u00e7er, \u201c&#8217;Salg\u0131n bitti, hayat normale d\u00f6nd\u00fc&#8217; diye kendimizi salmamam\u0131z gerekiyor. Ciddiyetle uzmanlar\u0131n uyar\u0131lar\u0131na uymam\u0131z gerekiyor. Vatanda\u015flar\u0131m\u0131z\u0131 bu konuda s\u00fcrekli uyarmak istiyoruz. Mersinli hem\u015fehrilerim, bu s\u00fcreci \u00e7ok iyi ta\u015f\u0131d\u0131. Hepsine m\u00fcte\u015fekkiriz. B\u00fcy\u00fck sorunlar, s\u0131k\u0131nt\u0131lar ya\u015fad\u0131lar ama pandemiyle m\u00fccadele kurallar\u0131n\u0131 ihlal etmediler. Bug\u00fcn bir nebze olsun vaka say\u0131s\u0131n\u0131n azl\u0131\u011f\u0131ndan mutluysak, onlar\u0131n sayesinde oldu. Bunlar\u0131 ciddiyetle devam ettirmeleri gerekiyor. Biz de belediye olarak g\u00f6revimizi harfiyen yapmaya devam edece\u011fiz\u201d dedi.\u00a0<br \/>\nMersin B\u00fcy\u00fck\u015fehir Belediyesi olarak bu s\u00fcre\u00e7te \u00f6ncelikle vatanda\u015flar\u0131n hayatlar\u0131n\u0131 idame ettirmeleri i\u00e7in gereken \u00e7al\u0131\u015fmalar\u0131 yapt\u0131klar\u0131n\u0131 ifade eden Se\u00e7er, \u201cMart\u2019\u0131n ortalar\u0131nda bir kriz merkezi olu\u015fturduk. B\u00fct\u00fcn talepleri oraya ald\u0131k. \u00c7ok yo\u011fun bir g\u0131da talebi oldu. Bizim \u00e7a\u011fr\u0131 merkezimiz ya da sivil toplum kurulu\u015flar\u0131, muhtarlar arac\u0131l\u0131\u011f\u0131yla 200 binin \u00fczerinde g\u0131da talebi oldu. Pazartesi ak\u015fam itibariyle 103 bin 559 erzak paketi da\u011f\u0131tarak, bu taleplerin y\u00fczde 50\u2019sini kar\u015f\u0131lam\u0131\u015f\u0131z. Bu \u00f6nemli bir organizasyon. Kolay de\u011fil. Mart\u2019\u0131n ortalar\u0131nda bu s\u00fcre\u00e7 ba\u015flad\u0131. Hemen bu al\u0131mlar\u0131 yap\u0131yorsunuz. Tabi ki yak\u0131\u015f\u0131r \u015fekilde, el yordam\u0131yla de\u011fil, vatanda\u015flar\u0131n yaras\u0131na merhem olma gayesiyle bunu yap\u0131yorsunuz. Mersin merkez ve Tarsus\u2019ta evlere 233 bin ki\u015filik yemek servisi yapt\u0131k. Maske talebi \u00e7ok fazla oldu. Belediyeler, maske bulmak ve maske imal etmek i\u00e7in \u00e7aba sarf etti. Biz de 300 bin maske da\u011f\u0131tt\u0131k. Di\u011fer taraftan 65 ya\u015f ve \u00fczeri olan, kronik hastal\u0131\u011f\u0131, engeli olan vatanda\u015flar\u0131m\u0131z\u0131n evde bak\u0131m\u0131n\u0131 bu s\u00fcre\u00e7te dikkatle y\u00fcr\u00fctt\u00fck. Dezenfeksiyon i\u015flemlerini suretle ve yo\u011fun olarak yapt\u0131k&#8221; ifadelerini kulland\u0131.\u00a0<br \/>\nB\u00fcy\u00fck\u015fehir Belediyesinin t\u00fcm enerjisini ve kaynaklar\u0131n\u0131 salg\u0131nla m\u00fccadeleye ay\u0131rd\u0131klar\u0131n\u0131 vurgulayan Se\u00e7er, \u201cArt\u0131k restorasyon d\u00f6nemine do\u011fru gidiyoruz. \u0130\u015fyerleri a\u00e7\u0131lacak, fabrikalar \u00e7al\u0131\u015fmaya ba\u015flayacak, insanlar sokaklara \u00e7\u0131kacak ama s\u0131k\u0131nt\u0131l\u0131 g\u00fcnler devam edecek. Tedbirlerimizi alal\u0131m. Belediye olarak tedbir ald\u0131k. Ekonomik olarak kemer s\u0131kt\u0131k. Harcamalarda \u00e7ok dikkatliyiz. Her kuru\u015f bizim i\u00e7in de\u011ferli\u201d diye konu\u015ftu.\u00a0<\/p>\n<p>\u201cMeclisten bor\u00e7lanma talebim olabilir\u201d\u00a0<br \/>\nBelediye Meclisini \u00f6n\u00fcm\u00fczdeki g\u00fcnlerde ola\u011fan\u00fcst\u00fc toplayarak, baz\u0131 sosyal destek kararlar\u0131 alacaklar\u0131n\u0131 belirten Se\u00e7er, belediyenin kirac\u0131s\u0131 olup da genelge uyar\u0131nca i\u015fyerini kapatmak zorunda kalan esnaf\u0131n kapal\u0131 kald\u0131\u011f\u0131 s\u00fcrenin \u00fccretsiz olarak s\u00f6zle\u015fmeye eklenece\u011fini, i\u015fyerini kapatmak zorunda kalanlardan kira al\u0131nmayaca\u011f\u0131n\u0131, i\u015fyerini \u00e7al\u0131\u015ft\u0131ran ancak i\u015f hacmi d\u00fc\u015fenlerin kiralar\u0131n\u0131n ise ertelenece\u011fini s\u00f6yledi. Se\u00e7er, su faturalar\u0131na da 3 ay boyunca gecikme faizi i\u015fletilmeyece\u011fini, 75 metrek\u00fcp alt\u0131nda su kullananlara fatura tahakkuk edilmeyece\u011fini de vurgulad\u0131. Se\u00e7er, ola\u011fan\u00fcst\u00fc belediye meclisi toplant\u0131s\u0131nda, hem B\u00fcy\u00fck\u015fehir Belediyesi hem de MESK\u0130 i\u00e7in b\u00fct\u00e7ede \u00f6ng\u00f6r\u00fclen bor\u00e7lanma kalemi uyar\u0131nca bor\u00e7lanma yetkisi isteyebilece\u011fini de ifade etti. Se\u00e7er, \u201cBor\u00e7lanmaya \u00e7ok ivedi ihtiyac\u0131m\u0131z yok. Mali dengeleri kurduk, mali disiplini sa\u011flad\u0131k. \u0130yi durumday\u0131z \u00e7ok \u015f\u00fck\u00fcr. \u015eu an acil bor\u00e7lanma ihtiyac\u0131m yok. Ama di\u011fer parti gruplar\u0131yla g\u00f6r\u00fc\u015f\u00fcyoruz. Benim talep edece\u011fim, zaten b\u00fct\u00e7e denkli\u011fi i\u00e7in b\u00fct\u00e7ede olan bor\u00e7lanma miktar\u0131. Ben farkl\u0131 bir \u015fey talep etmeyece\u011fim. \u015eu an i\u00e7in ihtiyac\u0131m yok ama gelecek aylar i\u00e7in tedbirleri almam\u0131z laz\u0131m. 30 b\u00fcy\u00fck\u015fehir belediyesinin gelir kayb\u0131 ortalama y\u00fczde 50\u2019nin \u00fczerinde. B\u00fct\u00fcn bunlar\u0131 g\u00f6rerek, \u00f6zellikle \u00e7al\u0131\u015fanlar\u0131m\u0131z\u0131n maa\u015flar\u0131n\u0131 ertelememe ad\u0131na, bu tedbirleri almam\u0131z laz\u0131m. Zorunlu \u00f6demelerimiz, banka \u00f6demelerimiz var. Bunlar\u0131n tedbirlerini almam\u0131z gerekiyor. Bizimle al\u0131\u015fveri\u015f yapan esnaf\u0131m\u0131z\u0131, memurumuzu, kadrolu i\u015f\u00e7i ya da s\u00fcrekli i\u015f\u00e7i stat\u00fcs\u00fcnde \u00e7al\u0131\u015fan emek\u00e7imizi, ma\u011fdur etmek istemiyoruz. K\u0131sa \u00e7al\u0131\u015fma \u00f6dene\u011fine ba\u015fvurmad\u0131k. \u00dccretsiz izne \u00e7\u0131karmad\u0131k. B\u00fct\u00fcn personelimiz tam maa\u015fl\u0131 \u00e7al\u0131\u015fmaya devam ediyor. B\u00fct\u00fcn bunlar\u0131 \u00f6ng\u00f6rerek, tedbirlerimizi almam\u0131z gerekiyor. Temmuz ay\u0131na kadar ola\u011fan meclis toplayam\u0131yoruz. B\u00fct\u00fcn bu \u015fartlar\u0131 g\u00f6z \u00f6n\u00fcne alarak, hem MESK\u0130, hem de B\u00fcy\u00fck\u015fehir Belediyesi i\u00e7in bor\u00e7lanma talebim olabilir. MESK\u0130\u2019nin geliri su bedelleri. Bunu da 3 ay tahsil edemeyece\u011fiz. Bor\u00e7lanma alamazsak, personel giderlerimizi, elektrik faturalar\u0131m\u0131z\u0131, temel, sabit giderlerimizi, olmazsa olmaz harcamalar\u0131m\u0131z\u0131 yapamaz noktaya gelebiliriz&#8221; \u015feklinde konu\u015ftu.\u00a0<\/p>\n<p>\u201cBirbirimize g\u00fcvenemezsek, Mersin kaybeder\u201d\u00a0<br \/>\nB\u00fct\u00fcn partilerden belediye meclisi \u00fcyeleriyle g\u00f6r\u00fc\u015ft\u00fc\u011f\u00fcn\u00fc, meclis \u00fcyelerini bilgilendirdi\u011fini ifade eden Se\u00e7er, \u201cOnlar da diyalo\u011fa a\u00e7\u0131k, ben de diyalo\u011fa a\u00e7\u0131\u011f\u0131m. \u2018Evet oyu\u2019 vereceklerse, benim onlar\u0131 ikna etmem laz\u0131m. 2020 B\u00fcy\u00fck\u015fehir ve MESK\u0130 b\u00fct\u00e7esine olur veren bir Meclis\u2019in bu bor\u00e7lanmaya kar\u015f\u0131 \u00e7\u0131kmas\u0131 t\u0131rnak i\u00e7inde s\u00f6yleyeyim \u2018abesle i\u015ftigal olur\u2019. Siz bu b\u00fct\u00e7eye \u2018evet\u2019 dediniz. Bu b\u00fct\u00e7e i\u00e7inde de bir bor\u00e7lanma kalemi var. Ona da \u2018evet\u2019 dediniz. \u0130\u015f bor\u00e7lanmaya gelince \u2018hay\u0131r\u2019 derseniz, teknik olarak bu yanl\u0131\u015f. Ben b\u00f6yle bir yanl\u0131\u015fa d\u00fc\u015f\u00fclece\u011fini sanm\u0131yorum. Ka\u00e7\u0131rd\u0131\u011f\u0131m bir \u015fey yok. Anlat\u0131yorum, izah ediyorum. Makul olan bor\u00e7lanman\u0131n elimin alt\u0131nda durmas\u0131. Meclisi temmuz ay\u0131na kadar toplayam\u0131yoruz. Faizleri en uygun zamanda yakalamal\u0131y\u0131z. Bu b\u00fcy\u00fck bir s\u0131k\u0131nt\u0131. Bir de faiz oranlar\u0131 s\u00fcrekli dalgalanma g\u00f6steriyor. Faiz giderlerinin en minimum oldu\u011fu noktada bunlar\u0131 yakalamal\u0131y\u0131z ki, daha ak\u0131lc\u0131 i\u015fler yapabilelim. Belediye ba\u015fkan\u0131 bor\u00e7lanma konusunda hesap verebiliyorsa, g\u00fcvenmekte bir s\u0131k\u0131nt\u0131 yok diye d\u00fc\u015f\u00fcn\u00fcyorum. Onlar bana g\u00fcvenmeli ki, ben hizmet yapmal\u0131y\u0131m. Birbirimize g\u00fcvenemezsek, Mersin kaybeder. Benim de onlar\u0131n g\u00fcvenini suistimal etmemem gerekiyor. Bu bilin\u00e7te ve olgunlukta bir siyaset\u00e7iyim, bir insan\u0131m. \u00d6yle bir endi\u015fem yok. Bazen Ankara r\u00fczgarlar\u0131 sert esiyor. O r\u00fczgar burada \u00e7ok naif, ak\u0131lc\u0131 davranan Meclis \u00fcyelerimizi \u00e7arpabiliyor. Ge\u00e7en y\u0131l bunu g\u00f6rd\u00fck\u201d dedi.\u00a0<br \/>\nBelediyelerin \u00fccretsiz ekmek da\u011f\u0131tmas\u0131n\u0131n engellenmesiyle ba\u015flayan tart\u0131\u015fmalarla ilgili olarak da konu\u015fan Se\u00e7er, &#8220;Ekmek tart\u0131\u015fmas\u0131 biraz siyasete d\u00f6k\u00fcld\u00fc. O ayr\u0131 bir tart\u0131\u015fma ya da de\u011ferlendirme konusu. Kontrol\u00fcm\u00fczden \u00e7\u0131kt\u0131. \u00dcst \u00fcste de mecras\u0131ndan \u00e7\u0131kan su\u00e7lamalar olunca da i\u015f farkl\u0131 mecralara gitti. Zaten onu kabul etmem m\u00fcmk\u00fcn de\u011fil ama ben kenti germek istemiyorum. Ben hizmet etmek istiyorum. Bu tart\u0131\u015fmalar\u0131n yeri gelir, zaman\u0131 gelir, bir daha a\u00e7\u0131l\u0131rsa bizim de s\u00f6yleyecek iki \u00e7ift laf\u0131m\u0131z olur. Ama \u015fu anda ben bunu yapamam. Bu tart\u0131\u015fmay\u0131 ba\u015flatan ben de\u011filim. Yasaklara uymayan da ben de\u011filim. Ben bu m\u00fccadele ba\u015flad\u0131\u011f\u0131 g\u00fcnden itibaren idarenin ald\u0131\u011f\u0131 b\u00fct\u00fcn kararlara sayg\u0131yla yakla\u015ft\u0131m, belediyemi emirlerine amade ettim. Her \u00e7a\u011fr\u0131ld\u0131\u011f\u0131m yere gittim. Ben bu konuda vicdanen de rahat\u0131m, yasalar kar\u015f\u0131s\u0131nda da rahat\u0131m. Ondan kimsenin endi\u015fesi olmas\u0131n&#8221; ifadelerini kulland\u0131.\u00a0<\/p>\n","protected":false},"excerpt":{"rendered":"<p>\u00a0Mersin B\u00fcy\u00fck\u015fehir Belediye Ba\u015fkan\u0131 Vahap Se\u00e7er, korona vir\u00fcs salg\u0131n\u0131 s\u00fcrecinde olu\u015fturulan kriz merkezine 200 binden fazla g\u0131da kolisi talebi geldi\u011fini, bunlar\u0131n 103 bin 559&#8217;unu kar\u015f\u0131lad\u0131klar\u0131n\u0131 belirterek, salg\u0131n nedeniyle olu\u015fan gelir &hellip; <a href=\"https:\/\/mersinekonomipolitikagazetesi.com\/?p=6799\" class=\"more-link\">Devam\u0131n\u0131 Oku&#8230;<\/a><\/p>\n","protected":false},"author":1,"featured_media":0,"comment_status":"open","ping_status":"open","sticky":false,"template":"","format":"standard","meta":[],"categories":[],"tags":[],"_links":{"self":[{"href":"https:\/\/mersinekonomipolitikagazetesi.com\/index.php?rest_route=\/wp\/v2\/posts\/6799"}],"collection":[{"href":"https:\/\/mersinekonomipolitikagazetesi.com\/index.php?rest_route=\/wp\/v2\/posts"}],"about":[{"href":"https:\/\/mersinekonomipolitikagazetesi.com\/index.php?rest_route=\/wp\/v2\/types\/post"}],"author":[{"embeddable":true,"href":"https:\/\/mersinekonomipolitikagazetesi.com\/index.php?rest_route=\/wp\/v2\/users\/1"}],"replies":[{"embeddable":true,"href":"https:\/\/mersinekonomipolitikagazetesi.com\/index.php?rest_route=%2Fwp%2Fv2%2Fcomments&post=6799"}],"version-history":[{"count":0,"href":"https:\/\/mersinekonomipolitikagazetesi.com\/index.php?rest_route=\/wp\/v2\/posts\/6799\/revisions"}],"wp:attachment":[{"href":"https:\/\/mersinekonomipolitikagazetesi.com\/index.php?rest_route=%2Fwp%2Fv2%2Fmedia&parent=6799"}],"wp:term":[{"taxonomy":"category","embeddable":true,"href":"https:\/\/mersinekonomipolitikagazetesi.com\/index.php?rest_route=%2Fwp%2Fv2%2Fcategories&post=6799"},{"taxonomy":"post_tag","embeddable":true,"href":"https:\/\/mersinekonomipolitikagazetesi.com\/index.php?rest_route=%2Fwp%2Fv2%2Ftags&post=6799"}],"curies":[{"name":"wp","href":"https:\/\/api.w.org\/{rel}","templated":true}]}}