{"id":6800,"date":"2020-11-04T18:27:15","date_gmt":"2020-11-04T15:27:15","guid":{"rendered":"http:\/\/mersinekonomipolitikagazetesi.com\/?p=6800"},"modified":"2020-11-04T18:27:15","modified_gmt":"2020-11-04T15:27:15","slug":"korona-tedbirlerine-uyan-firinciya-plaket","status":"publish","type":"post","link":"https:\/\/mersinekonomipolitikagazetesi.com\/?p=6800","title":{"rendered":"Korona tedbirlerine uyan f\u0131r\u0131nc\u0131ya plaket"},"content":{"rendered":"<p><span style=\"line-height: 1.6em;\">\u00a0Mersin&#8217;in Erdemli il\u00e7esinde korona vir\u00fcs salg\u0131n\u0131 \u00f6nlemleri ve hijyen tedbirlerine uyarak \u00f6rnek olan f\u0131r\u0131nc\u0131ya te\u015fekk\u00fcr plaketi verildi.\u00a0<\/span><\/p>\n<p>\u00d6rnek i\u015fletmenin sahibi esnaf Mustafa Yoku\u015f&#8217;a plaketi Erdemli Kaymakam\u0131 Avni Kula taraf\u0131ndan takdim edildi.\u00a0<br \/>\nPlaket takdiminde konu\u015fan Kaymakam Avni Kula, &#8220;Erdemli Belediyesi Zab\u0131ta M\u00fcd\u00fcrl\u00fc\u011f\u00fc ekiplerince yap\u0131lan denetimlerde, \u00e7al\u0131\u015fanlar\u0131n k\u0131yafetleri, f\u0131r\u0131nlar\u0131n temizli\u011fi ve hijyeni, ham maddelerin saklanma \u015fartlar\u0131, \u00fcr\u00fcnlerin son kullanma tarihleri, korona vir\u00fcs nedeniyle al\u0131nan \u00f6nlem ve uyulmas\u0131 gereken kurallara tam anlam\u0131yla riayet eden i\u015fletmemize \u00f6rnek davran\u0131\u015f\u0131 dolay\u0131s\u0131yla te\u015fekk\u00fcr plaketi veriyoruz. K\u00f6t\u00fc ko\u015fullarda \u00fcretim yap\u0131lan yerlere nas\u0131l cezai i\u015flem yap\u0131l\u0131yorsa i\u015fini g\u00fczel ve temiz yapan i\u015fletmelerimizi de \u00f6d\u00fcllendiriyoruz. Ben i\u015fletme sahibi ve \u00e7al\u0131\u015fma arkada\u015flar\u0131na te\u015fekk\u00fcr ediyorum&#8221; dedi.\u00a0<br \/>\nErdemli Esnaflar Odas\u0131 Ba\u015fkan\u0131 Halil Metik&#8217;te, halk sa\u011fl\u0131\u011f\u0131n\u0131n her \u015feyden \u00f6nce geldi\u011fini ifade ederek, &#8220;Bu zor s\u00fcre\u00e7te i\u015fimizi en iyi \u015fekilde yap\u0131p, hep birlikte olmam\u0131z gerekiyor. \u00d6rnek uygulamalar\u0131yla halk\u0131m\u0131za hizmet eden b\u00fct\u00fcn esnaflar\u0131m\u0131z\u0131 tebrik ediyorum&#8221; diye konu\u015ftu.\u00a0<br \/>\nMerkez Mahallesi Ulu Cami yan\u0131nda bulunan f\u0131r\u0131n\u0131n \u00f6rnek i\u015fletmecisi Mustafa Yoku\u015f ise &#8220;Biz i\u015fletme olarak 16 ki\u015filik ekibimizle, korona \u00f6nlemlerine uymakla birlikte\u00a0<br \/>\ni\u015fimizde gerekli \u00f6zeni g\u00f6stermeye \u00e7al\u0131\u015f\u0131yoruz. Halk\u0131m\u0131z\u0131n sa\u011fl\u0131\u011f\u0131 bizler i\u00e7in en \u00f6nde gelir&#8221; \u015feklinde konu\u015ftu.\u00a0<\/p>\n","protected":false},"excerpt":{"rendered":"<p>\u00a0Mersin&#8217;in Erdemli il\u00e7esinde korona vir\u00fcs salg\u0131n\u0131 \u00f6nlemleri ve hijyen tedbirlerine uyarak \u00f6rnek olan f\u0131r\u0131nc\u0131ya te\u015fekk\u00fcr plaketi verildi.\u00a0 \u00d6rnek i\u015fletmenin sahibi esnaf Mustafa Yoku\u015f&#8217;a plaketi Erdemli Kaymakam\u0131 Avni Kula taraf\u0131ndan takdim &hellip; <a href=\"https:\/\/mersinekonomipolitikagazetesi.com\/?p=6800\" class=\"more-link\">Devam\u0131n\u0131 Oku&#8230;<\/a><\/p>\n","protected":false},"author":1,"featured_media":0,"comment_status":"open","ping_status":"open","sticky":false,"template":"","format":"standard","meta":[],"categories":[],"tags":[],"_links":{"self":[{"href":"https:\/\/mersinekonomipolitikagazetesi.com\/index.php?rest_route=\/wp\/v2\/posts\/6800"}],"collection":[{"href":"https:\/\/mersinekonomipolitikagazetesi.com\/index.php?rest_route=\/wp\/v2\/posts"}],"about":[{"href":"https:\/\/mersinekonomipolitikagazetesi.com\/index.php?rest_route=\/wp\/v2\/types\/post"}],"author":[{"embeddable":true,"href":"https:\/\/mersinekonomipolitikagazetesi.com\/index.php?rest_route=\/wp\/v2\/users\/1"}],"replies":[{"embeddable":true,"href":"https:\/\/mersinekonomipolitikagazetesi.com\/index.php?rest_route=%2Fwp%2Fv2%2Fcomments&post=6800"}],"version-history":[{"count":0,"href":"https:\/\/mersinekonomipolitikagazetesi.com\/index.php?rest_route=\/wp\/v2\/posts\/6800\/revisions"}],"wp:attachment":[{"href":"https:\/\/mersinekonomipolitikagazetesi.com\/index.php?rest_route=%2Fwp%2Fv2%2Fmedia&parent=6800"}],"wp:term":[{"taxonomy":"category","embeddable":true,"href":"https:\/\/mersinekonomipolitikagazetesi.com\/index.php?rest_route=%2Fwp%2Fv2%2Fcategories&post=6800"},{"taxonomy":"post_tag","embeddable":true,"href":"https:\/\/mersinekonomipolitikagazetesi.com\/index.php?rest_route=%2Fwp%2Fv2%2Ftags&post=6800"}],"curies":[{"name":"wp","href":"https:\/\/api.w.org\/{rel}","templated":true}]}}