{"id":6802,"date":"2020-11-04T18:27:15","date_gmt":"2020-11-04T15:27:15","guid":{"rendered":"http:\/\/mersinekonomipolitikagazetesi.com\/?p=6802"},"modified":"2020-11-04T18:27:15","modified_gmt":"2020-11-04T15:27:15","slug":"mersin-ve-adananin-nisan-ayi-enflasyonu-yuzde-1249","status":"publish","type":"post","link":"https:\/\/mersinekonomipolitikagazetesi.com\/?p=6802","title":{"rendered":"Mersin ve Adana\u2019n\u0131n nisan ay\u0131 enflasyonu y\u00fczde 12,49"},"content":{"rendered":"<p><span style=\"line-height: 1.6em;\">T\u00fcrkiye \u0130statistik Kurumu (T\u00dc\u0130K) Adana B\u00f6lge M\u00fcd\u00fcrl\u00fc\u011f\u00fc, Mersin ve Adana\u2019n\u0131n nisan ay\u0131 enflasyonunun, ge\u00e7en y\u0131l\u0131n ayn\u0131 ay\u0131na g\u00f6re y\u00fczde 10,60 oran\u0131nda artarak y\u00fczde 12,49 olarak ger\u00e7ekle\u015fti\u011fini bildirdi.\u00a0<\/span><\/p>\n<p>T\u00dc\u0130K Adana B\u00f6lge M\u00fcd\u00fcrl\u00fc\u011f\u00fc taraf\u0131ndan yap\u0131lan a\u00e7\u0131klamada, t\u00fcketici fiyat endeksi (T\u00dcFE) nisan ay\u0131 sonu\u00e7lar\u0131, Adana ve Mersin illerinden olu\u015fan TR62 B\u00f6lgesi a\u00e7\u0131s\u0131ndan de\u011ferlendirildi.\u00a0<\/p>\n<p>Mersin ve Adana\u2019da nisan ay\u0131 enflasyonu y\u00fczde 12,49 oldu\u00a0<br \/>\nA\u00e7\u0131klamaya g\u00f6re; Mersin ve Adana b\u00f6lgesinde T\u00dcFE\u2019de 2020 y\u0131l\u0131 nisan ay\u0131nda bir \u00f6nceki aya g\u00f6re y\u00fczde 0,60, bir \u00f6nceki y\u0131l\u0131n aral\u0131k ay\u0131na g\u00f6re y\u00fczde 3,26, bir \u00f6nceki y\u0131l\u0131n ayn\u0131 ay\u0131na g\u00f6re y\u00fczde 10,60 ve 12 ayl\u0131k ortalamalara g\u00f6re y\u00fczde 13,44 oran\u0131nda art\u0131\u015f ger\u00e7ekle\u015fti. B\u00f6lgenin nisan ay\u0131 enflasyonu y\u00fczde 12,49 oldu.\u00a0<\/p>\n<p>Enflasyon \u015fampiyonu Mersin ve Adana\u2019da da sar\u0131msak oldu\u00a0\u00a0 \u00a0<br \/>\nMersin ve Adana b\u00f6lgesinde nisan ay\u0131nda T\u00dcFE\u2019de en y\u00fcksek art\u0131\u015f g\u00f6steren \u00fcr\u00fcn T\u00fcrkiye genelinde oldu\u011fu gibi sar\u0131msak oldu. Mersin ve Adana\u2019da sar\u0131msa\u011f\u0131n fiyat\u0131, nisan ay\u0131nda bir \u00f6nceki aya g\u00f6re y\u00fczde 50,3 oran\u0131nda artt\u0131. TR62 b\u00f6lgesinde nisanda bir \u00f6nceki aya g\u00f6re fiyat\u0131 en fazla d\u00fc\u015fen \u00fcr\u00fcn ise y\u00fczde 42,01 ile patl\u0131can oldu.\u00a0<\/p>\n","protected":false},"excerpt":{"rendered":"<p>T\u00fcrkiye \u0130statistik Kurumu (T\u00dc\u0130K) Adana B\u00f6lge M\u00fcd\u00fcrl\u00fc\u011f\u00fc, Mersin ve Adana\u2019n\u0131n nisan ay\u0131 enflasyonunun, ge\u00e7en y\u0131l\u0131n ayn\u0131 ay\u0131na g\u00f6re y\u00fczde 10,60 oran\u0131nda artarak y\u00fczde 12,49 olarak ger\u00e7ekle\u015fti\u011fini bildirdi.\u00a0 T\u00dc\u0130K Adana B\u00f6lge &hellip; <a href=\"https:\/\/mersinekonomipolitikagazetesi.com\/?p=6802\" class=\"more-link\">Devam\u0131n\u0131 Oku&#8230;<\/a><\/p>\n","protected":false},"author":1,"featured_media":0,"comment_status":"open","ping_status":"open","sticky":false,"template":"","format":"standard","meta":[],"categories":[],"tags":[],"_links":{"self":[{"href":"https:\/\/mersinekonomipolitikagazetesi.com\/index.php?rest_route=\/wp\/v2\/posts\/6802"}],"collection":[{"href":"https:\/\/mersinekonomipolitikagazetesi.com\/index.php?rest_route=\/wp\/v2\/posts"}],"about":[{"href":"https:\/\/mersinekonomipolitikagazetesi.com\/index.php?rest_route=\/wp\/v2\/types\/post"}],"author":[{"embeddable":true,"href":"https:\/\/mersinekonomipolitikagazetesi.com\/index.php?rest_route=\/wp\/v2\/users\/1"}],"replies":[{"embeddable":true,"href":"https:\/\/mersinekonomipolitikagazetesi.com\/index.php?rest_route=%2Fwp%2Fv2%2Fcomments&post=6802"}],"version-history":[{"count":0,"href":"https:\/\/mersinekonomipolitikagazetesi.com\/index.php?rest_route=\/wp\/v2\/posts\/6802\/revisions"}],"wp:attachment":[{"href":"https:\/\/mersinekonomipolitikagazetesi.com\/index.php?rest_route=%2Fwp%2Fv2%2Fmedia&parent=6802"}],"wp:term":[{"taxonomy":"category","embeddable":true,"href":"https:\/\/mersinekonomipolitikagazetesi.com\/index.php?rest_route=%2Fwp%2Fv2%2Fcategories&post=6802"},{"taxonomy":"post_tag","embeddable":true,"href":"https:\/\/mersinekonomipolitikagazetesi.com\/index.php?rest_route=%2Fwp%2Fv2%2Ftags&post=6802"}],"curies":[{"name":"wp","href":"https:\/\/api.w.org\/{rel}","templated":true}]}}