{"id":6803,"date":"2020-11-04T18:27:15","date_gmt":"2020-11-04T15:27:15","guid":{"rendered":"http:\/\/mersinekonomipolitikagazetesi.com\/?p=6803"},"modified":"2020-11-04T18:27:15","modified_gmt":"2020-11-04T15:27:15","slug":"toroslar-belediyesi-evi-yanan-ailenin-yardimina-kostu","status":"publish","type":"post","link":"https:\/\/mersinekonomipolitikagazetesi.com\/?p=6803","title":{"rendered":"Toroslar Belediyesi evi yanan ailenin yard\u0131m\u0131na ko\u015ftu"},"content":{"rendered":"<p><span style=\"line-height: 1.6em;\">Toroslar Belediyesi, yang\u0131nda evleri kullan\u0131lamaz hale gelen bir ailenin yard\u0131m\u0131na ko\u015ftu. Ailenin evi, belediye ekipleri taraf\u0131ndan tamir edilip boyanarak yenilendi.\u00a0<\/span><\/p>\n<p>Toroslar Belediyesinden yap\u0131lan a\u00e7\u0131klamaya g\u00f6re, Toroslar Belediye Ba\u015fkan\u0131 Ats\u0131z Af\u015f\u0131n Y\u0131lmaz, korona vir\u00fcs salg\u0131n\u0131 s\u00fcrecinde \u00e7\u0131kan yang\u0131n sonucu evsiz kalan bir \u00e7ocuklu ailenin ma\u011fduriyetine kay\u0131ts\u0131z kalmad\u0131. Belediye, elektrik konta\u011f\u0131ndan \u00e7\u0131kan yang\u0131n sonucu evi kullan\u0131lmaz hale gelen ihtiya\u00e7 sahibi aileye yard\u0131m eli uzatt\u0131. Mevlana Mahallesinde ya\u015fayan Talay ailesinin yang\u0131n sonucu tamamen zarar g\u00f6ren evlerinin tadilat, boya ve badana i\u015flemleri belediye taraf\u0131ndan yap\u0131ld\u0131. Evin kap\u0131 ve pencereleri ile elektrik konta\u011f\u0131 yenilenirken, k\u0131sa s\u00fcr\u00fcde boya ve badana i\u015flemleri de yap\u0131larak ev temiz bir \u015fekilde aileye teslim edildi.\u00a0<\/p>\n<p>&#8220;Ailemize ge\u00e7mi\u015f olsun diliyorum&#8221;\u00a0<br \/>\nBa\u015fkan Y\u0131lmaz, &#8220;\u0130htiya\u00e7 sahibi vatanda\u015flar\u0131m\u0131za el uzatmaya ve onlara imkanlar\u0131m\u0131z \u00f6l\u00e7\u00fcs\u00fcnde destek olmaya devam edece\u011fiz. Evi yanan ailemizle ilgili talep bize ula\u015f\u0131nca ekiplerimizi hemen y\u00f6nlendirdik. Ailemizin hasar g\u00f6ren evinin tadilat i\u015flerini ve boyamas\u0131n\u0131 yapt\u0131k. Ailemize ge\u00e7mi\u015f olsun dileklerimi iletiyor, yenilenen evlerinde sa\u011fl\u0131kla, huzurla oturmalar\u0131n\u0131 diliyorum&#8221; dedi.\u00a0<br \/>\nYa\u015fanan \u00fcz\u00fcc\u00fc olay sonras\u0131 evleri onar\u0131lan Talay ailesi ise kendilerine destek vererek yanlar\u0131nda olan Ba\u015fkan Y\u0131lmaz&#8217;a ve ekibine te\u015fekk\u00fcr etti.\u00a0<\/p>\n","protected":false},"excerpt":{"rendered":"<p>Toroslar Belediyesi, yang\u0131nda evleri kullan\u0131lamaz hale gelen bir ailenin yard\u0131m\u0131na ko\u015ftu. Ailenin evi, belediye ekipleri taraf\u0131ndan tamir edilip boyanarak yenilendi.\u00a0 Toroslar Belediyesinden yap\u0131lan a\u00e7\u0131klamaya g\u00f6re, Toroslar Belediye Ba\u015fkan\u0131 Ats\u0131z Af\u015f\u0131n &hellip; <a href=\"https:\/\/mersinekonomipolitikagazetesi.com\/?p=6803\" class=\"more-link\">Devam\u0131n\u0131 Oku&#8230;<\/a><\/p>\n","protected":false},"author":1,"featured_media":0,"comment_status":"open","ping_status":"open","sticky":false,"template":"","format":"standard","meta":[],"categories":[],"tags":[],"_links":{"self":[{"href":"https:\/\/mersinekonomipolitikagazetesi.com\/index.php?rest_route=\/wp\/v2\/posts\/6803"}],"collection":[{"href":"https:\/\/mersinekonomipolitikagazetesi.com\/index.php?rest_route=\/wp\/v2\/posts"}],"about":[{"href":"https:\/\/mersinekonomipolitikagazetesi.com\/index.php?rest_route=\/wp\/v2\/types\/post"}],"author":[{"embeddable":true,"href":"https:\/\/mersinekonomipolitikagazetesi.com\/index.php?rest_route=\/wp\/v2\/users\/1"}],"replies":[{"embeddable":true,"href":"https:\/\/mersinekonomipolitikagazetesi.com\/index.php?rest_route=%2Fwp%2Fv2%2Fcomments&post=6803"}],"version-history":[{"count":0,"href":"https:\/\/mersinekonomipolitikagazetesi.com\/index.php?rest_route=\/wp\/v2\/posts\/6803\/revisions"}],"wp:attachment":[{"href":"https:\/\/mersinekonomipolitikagazetesi.com\/index.php?rest_route=%2Fwp%2Fv2%2Fmedia&parent=6803"}],"wp:term":[{"taxonomy":"category","embeddable":true,"href":"https:\/\/mersinekonomipolitikagazetesi.com\/index.php?rest_route=%2Fwp%2Fv2%2Fcategories&post=6803"},{"taxonomy":"post_tag","embeddable":true,"href":"https:\/\/mersinekonomipolitikagazetesi.com\/index.php?rest_route=%2Fwp%2Fv2%2Ftags&post=6803"}],"curies":[{"name":"wp","href":"https:\/\/api.w.org\/{rel}","templated":true}]}}